{"id":974,"date":"2019-11-07T09:27:55","date_gmt":"2019-11-07T08:27:55","guid":{"rendered":"http:\/\/www.farmaciatacconi.it\/cms2\/?p=974"},"modified":"2019-11-06T15:41:58","modified_gmt":"2019-11-06T14:41:58","slug":"lacne","status":"publish","type":"post","link":"https:\/\/www.farmaciatacconi.it\/cms2\/2019\/11\/07\/lacne\/","title":{"rendered":"L&#8217;Acne"},"content":{"rendered":"\n<p>L&#8217;acne \u00e8 una dermatosi molto comune che pu\u00f2 comparire ad ogni et\u00e0, <strong>ma che si manifesta soprattutto in epoca adolescenziale e pu\u00f2 persistere anche per alcuni anni.<\/strong> Si localizza nelle aree seborroiche del volto (come la fronte, il naso, le guance o il mento), del tronco e delle spalle ed \u00e8 caratterizzata da lesioni polimorfi di tipo non infiammatorio (chiamate <strong>comunemente punti neri<\/strong>) e da lesioni infiammatorie, come papule, pustole e noduli. <strong>L&#8217;acne rappresenta una patologia con un forte impatto sociale in quanto le manifestazioni cliniche possono essere anche molto rilevanti<\/strong>, accompagnate dalla comparsa di cicatrici permanenti e dunque possono portare, soprattutto nell&#8217;adolescente, a gravi conseguenze psicologiche. Le linee guida sulla gestione dell&#8217;acne sono improntate essenzialmente su tre gradi clinici di severit\u00e0 che determinano la scelta del trattamento: <\/p>\n\n\n\n<ul class=\"wp-block-list\"><li><strong>Acne Lieve<\/strong><\/li><li><strong>Acne Intermedia<\/strong><\/li><li><strong>Acne grave<\/strong><\/li><\/ul>\n\n\n\n<div class=\"wp-block-image\"><figure class=\"aligncenter\"><img fetchpriority=\"high\" decoding=\"async\" width=\"1024\" height=\"787\" src=\"https:\/\/www.farmaciatacconi.it\/cms2\/wp-content\/uploads\/2019\/11\/Acne_002-1024x787.jpg\" alt=\"\" class=\"wp-image-992\" srcset=\"https:\/\/www.farmaciatacconi.it\/cms2\/wp-content\/uploads\/2019\/11\/Acne_002-1024x787.jpg 1024w, https:\/\/www.farmaciatacconi.it\/cms2\/wp-content\/uploads\/2019\/11\/Acne_002-300x231.jpg 300w, https:\/\/www.farmaciatacconi.it\/cms2\/wp-content\/uploads\/2019\/11\/Acne_002-768x591.jpg 768w, https:\/\/www.farmaciatacconi.it\/cms2\/wp-content\/uploads\/2019\/11\/Acne_002.jpg 1039w\" sizes=\"(max-width: 1024px) 100vw, 1024px\" \/><\/figure><\/div>\n\n\n\n<p>La terapia topica dell&#8217;acne rappresenta il primo e basilare atto terapeutico e attualmente in <a href=\"https:\/\/www.farmaciatacconi.it\/cms2\/contattaci\/\">farmacia<\/a> sono disponibili numerosi farmaci per uso locale, ognuno dei quali agisce verso uno o pi\u00f9 stadi della patogenesi. <strong>I trattamenti tradizionali dell&#8217;acne sono rappresentati dall&#8217;utilizzo di farmaci topici, quali retinoidi, benzoil perossido, acido azelaico, antibiotici, combinazioni degli stessi e di farmaci sistemici, quali antibiotici e Isotretinoina orale, mentre i contraccettivi orali sono indicati nei casi di acne in et\u00e0 adulta. <\/strong>L&#8217;uso di cosmetici nell&#8217;acne lieve spesso rappresenta il primo approccio terapeutico. Nelle forme di acne intermedio e grave i cosmetici possono limitare gli effetti collaterali dei trattamenti farmacologici. I dermocosmetici utilizzati nell&#8217;acne sono rappresentati dai detergenti, dai seboregolatori, dagli opacizzanti, da cheratolitici, antimicrobici, antinfiammatori e fotoprotettori.<\/p>\n\n\n\n<div class=\"wp-block-image\"><figure class=\"aligncenter\"><img decoding=\"async\" width=\"800\" height=\"748\" src=\"https:\/\/www.farmaciatacconi.it\/cms2\/wp-content\/uploads\/2019\/11\/acne-003.jpg\" alt=\"\" class=\"wp-image-991\" srcset=\"https:\/\/www.farmaciatacconi.it\/cms2\/wp-content\/uploads\/2019\/11\/acne-003.jpg 800w, https:\/\/www.farmaciatacconi.it\/cms2\/wp-content\/uploads\/2019\/11\/acne-003-300x281.jpg 300w, https:\/\/www.farmaciatacconi.it\/cms2\/wp-content\/uploads\/2019\/11\/acne-003-768x718.jpg 768w\" sizes=\"(max-width: 800px) 100vw, 800px\" \/><\/figure><\/div>\n\n\n\n<p>Importante e&#8217; anche il <a href=\"https:\/\/www.farmaciatacconi.it\/cms2\/contattaci\/\">consiglio che si riceve in farmacia sul makeup<\/a>, che in caso di <strong>acne deve avere caratteristiche di non comedogenicit\u00e0, mentre i prodotti per la rasatura devono avere azione antisettica e lenitiva<\/strong>. La detersione rappresenta il primo passo nella cura della pelle seguita dall&#8217;applicazione dei seboregolatori ed infine l&#8217;utilizzo dei prodotti idratanti per mantenere integra la funzione barriera, alterata a causa delle eventuali terapie topiche sostenute. <\/p>\n\n\n\n<figure class=\"wp-block-image\"><img decoding=\"async\" width=\"1024\" height=\"826\" src=\"https:\/\/www.farmaciatacconi.it\/cms2\/wp-content\/uploads\/2019\/11\/acne_004-1024x826.jpg\" alt=\"\" class=\"wp-image-990\" srcset=\"https:\/\/www.farmaciatacconi.it\/cms2\/wp-content\/uploads\/2019\/11\/acne_004-1024x826.jpg 1024w, https:\/\/www.farmaciatacconi.it\/cms2\/wp-content\/uploads\/2019\/11\/acne_004-300x242.jpg 300w, https:\/\/www.farmaciatacconi.it\/cms2\/wp-content\/uploads\/2019\/11\/acne_004-768x620.jpg 768w, https:\/\/www.farmaciatacconi.it\/cms2\/wp-content\/uploads\/2019\/11\/acne_004.jpg 2000w\" sizes=\"(max-width: 1024px) 100vw, 1024px\" \/><\/figure>\n\n\n\n<p>L&#8217;uso di una<strong> fotoprotezione dedicata alla cute acneica consente di evitare gli effetti collaterali<\/strong> determinati dall&#8217;esposizione solare e permette al tempo stesso di poter proseguire i trattamenti anche durante il periodo estivo.<\/p>\n","protected":false},"excerpt":{"rendered":"<p>L&#8217;acne \u00e8 una dermatosi molto comune che pu\u00f2 comparire ad ogni et\u00e0, ma che si manifesta soprattutto in epoca adolescenziale e pu\u00f2 persistere anche per alcuni anni. Si localizza nelle aree seborroiche del volto (come la fronte, il naso, le guance o il mento), del tronco e delle spalle ed \u00e8 caratterizzata da lesioni polimorfi&hellip;<\/p>\n","protected":false},"author":1,"featured_media":993,"comment_status":"closed","ping_status":"closed","sticky":false,"template":"","format":"standard","meta":{"jetpack_post_was_ever_published":false,"_jetpack_newsletter_access":"","_jetpack_dont_email_post_to_subs":false,"_jetpack_newsletter_tier_id":0,"_jetpack_memberships_contains_paywalled_content":false,"_jetpack_memberships_contains_paid_content":false,"footnotes":"","jetpack_publicize_message":"","jetpack_publicize_feature_enabled":true,"jetpack_social_post_already_shared":true,"jetpack_social_options":{"image_generator_settings":{"template":"highway","default_image_id":0,"font":"","enabled":false},"version":2}},"categories":[13,3],"tags":[151,155,160,57,157,158,161,153,154],"class_list":["post-974","post","type-post","status-publish","format-standard","has-post-thumbnail","hentry","category-informative","category-news","tag-acne","tag-antibiotici","tag-cheratolitici","tag-cura-della-pelle","tag-dermocosmesi","tag-fotoprotettori","tag-fotoprotezione","tag-makeup","tag-seboregolatori"],"jetpack_publicize_connections":[],"jetpack_featured_media_url":"https:\/\/www.farmaciatacconi.it\/cms2\/wp-content\/uploads\/2019\/11\/acne-001.jpg","jetpack_sharing_enabled":true,"jetpack_likes_enabled":true,"jetpack-related-posts":[{"id":1087,"url":"https:\/\/www.farmaciatacconi.it\/cms2\/2019\/11\/27\/gli-omega-3-nuovi-possibili-ambiti-applicativi\/","url_meta":{"origin":974,"position":0},"title":"Gli Omega-3: nuovi possibili ambiti applicativi","author":"Farmacia Tacconi","date":"Mer 27\/11\/2019","format":false,"excerpt":"Gli Omega3 possono essere considerati delle vere e proprie \"perle di benessere\". L'attenzione sugli Omega3, preziosi nutrienti essenziali, \u00e8 sempre pi\u00f9 intensa: pi\u00f9 di 40.000 studi in letteratura e la conseguente approvazione dell'EFSA (Autorit\u00e0 Europea per la Sicurezza Alimentare) per alcune indicazioni terapeutiche evidenziano l'importanza della loro assunzione giornaliera. Gli\u2026","rel":"","context":"In &quot;I Consigli del Tuo Farmacista&quot;","block_context":{"text":"I Consigli del Tuo Farmacista","link":"https:\/\/www.farmaciatacconi.it\/cms2\/category\/informative\/"},"img":{"alt_text":"","src":"https:\/\/i0.wp.com\/www.farmaciatacconi.it\/cms2\/wp-content\/uploads\/2019\/11\/omega3_farma_Tacconi.jpg?resize=350%2C200&ssl=1","width":350,"height":200,"srcset":"https:\/\/i0.wp.com\/www.farmaciatacconi.it\/cms2\/wp-content\/uploads\/2019\/11\/omega3_farma_Tacconi.jpg?resize=350%2C200&ssl=1 1x, https:\/\/i0.wp.com\/www.farmaciatacconi.it\/cms2\/wp-content\/uploads\/2019\/11\/omega3_farma_Tacconi.jpg?resize=525%2C300&ssl=1 1.5x, https:\/\/i0.wp.com\/www.farmaciatacconi.it\/cms2\/wp-content\/uploads\/2019\/11\/omega3_farma_Tacconi.jpg?resize=700%2C400&ssl=1 2x, https:\/\/i0.wp.com\/www.farmaciatacconi.it\/cms2\/wp-content\/uploads\/2019\/11\/omega3_farma_Tacconi.jpg?resize=1050%2C600&ssl=1 3x, https:\/\/i0.wp.com\/www.farmaciatacconi.it\/cms2\/wp-content\/uploads\/2019\/11\/omega3_farma_Tacconi.jpg?resize=1400%2C800&ssl=1 4x"},"classes":[]},{"id":965,"url":"https:\/\/www.farmaciatacconi.it\/cms2\/2019\/11\/06\/laloe-vera\/","url_meta":{"origin":974,"position":1},"title":"L&#8217;Aloe Vera","author":"Farmacia Tacconi","date":"Mer 06\/11\/2019","format":false,"excerpt":"L'Aloe \u00e8 una pianta succulenta della famiglia delle Aloeaceae, che predilige i climi caldi e secchi. In particolare L'Aloe Vera (Aloe Barbadensis Miller) \u00e8 solo una tra le centinaia di specie di Aloe esistenti, ma \u00e8 comunque quella attualmente pi\u00f9 utilizzata nei vari prodotti di consumo, sia per un uso\u2026","rel":"","context":"In &quot;I Consigli del Tuo Farmacista&quot;","block_context":{"text":"I Consigli del Tuo Farmacista","link":"https:\/\/www.farmaciatacconi.it\/cms2\/category\/informative\/"},"img":{"alt_text":"","src":"https:\/\/i0.wp.com\/www.farmaciatacconi.it\/cms2\/wp-content\/uploads\/2019\/10\/aloe-vera.jpg?resize=350%2C200&ssl=1","width":350,"height":200,"srcset":"https:\/\/i0.wp.com\/www.farmaciatacconi.it\/cms2\/wp-content\/uploads\/2019\/10\/aloe-vera.jpg?resize=350%2C200&ssl=1 1x, https:\/\/i0.wp.com\/www.farmaciatacconi.it\/cms2\/wp-content\/uploads\/2019\/10\/aloe-vera.jpg?resize=525%2C300&ssl=1 1.5x, https:\/\/i0.wp.com\/www.farmaciatacconi.it\/cms2\/wp-content\/uploads\/2019\/10\/aloe-vera.jpg?resize=700%2C400&ssl=1 2x, https:\/\/i0.wp.com\/www.farmaciatacconi.it\/cms2\/wp-content\/uploads\/2019\/10\/aloe-vera.jpg?resize=1050%2C600&ssl=1 3x, https:\/\/i0.wp.com\/www.farmaciatacconi.it\/cms2\/wp-content\/uploads\/2019\/10\/aloe-vera.jpg?resize=1400%2C800&ssl=1 4x"},"classes":[]},{"id":4622,"url":"https:\/\/www.farmaciatacconi.it\/cms2\/2024\/02\/20\/%e2%9c%85-ecco-come-affrontare-i-traumi-della-pelle-nei-cambi-di-stagione\/","url_meta":{"origin":974,"position":2},"title":"\u2705 Ecco come affrontare i traumi della pelle nei cambi di stagione","author":"Farmacia Tacconi","date":"Mar 20\/02\/2024","format":false,"excerpt":"Con l'arrivo della #primavera, molti di noi iniziano a sentire i primi segni di cambiamento nella #pelle. Il passaggio dall'inverno alla primavera pu\u00f2 portare con s\u00e9 una serie di #traumi #cutanei, causati principalmente dalle variazioni #climatiche e #ambientali. La pelle, che \u00e8 l'organo pi\u00f9 grande del #corpo #umano, pu\u00f2 subire\u2026","rel":"","context":"In &quot;I Consigli del Tuo Farmacista&quot;","block_context":{"text":"I Consigli del Tuo Farmacista","link":"https:\/\/www.farmaciatacconi.it\/cms2\/category\/informative\/"},"img":{"alt_text":"","src":"https:\/\/i0.wp.com\/www.farmaciatacconi.it\/cms2\/wp-content\/uploads\/2024\/02\/38498328432.jpg?resize=350%2C200&ssl=1","width":350,"height":200,"srcset":"https:\/\/i0.wp.com\/www.farmaciatacconi.it\/cms2\/wp-content\/uploads\/2024\/02\/38498328432.jpg?resize=350%2C200&ssl=1 1x, https:\/\/i0.wp.com\/www.farmaciatacconi.it\/cms2\/wp-content\/uploads\/2024\/02\/38498328432.jpg?resize=525%2C300&ssl=1 1.5x, https:\/\/i0.wp.com\/www.farmaciatacconi.it\/cms2\/wp-content\/uploads\/2024\/02\/38498328432.jpg?resize=700%2C400&ssl=1 2x, https:\/\/i0.wp.com\/www.farmaciatacconi.it\/cms2\/wp-content\/uploads\/2024\/02\/38498328432.jpg?resize=1050%2C600&ssl=1 3x, https:\/\/i0.wp.com\/www.farmaciatacconi.it\/cms2\/wp-content\/uploads\/2024\/02\/38498328432.jpg?resize=1400%2C800&ssl=1 4x"},"classes":[]},{"id":4146,"url":"https:\/\/www.farmaciatacconi.it\/cms2\/2023\/05\/04\/%e2%9c%85-scopriamo-il-problema-della-pelle-arrossata-e-come-combatterlo-efficacemente\/","url_meta":{"origin":974,"position":3},"title":"\u2705 Scopriamo il problema della pelle #arrossata e come combatterlo efficacemente","author":"Farmacia Tacconi","date":"Gio 04\/05\/2023","format":false,"excerpt":"La #pellearrossata (#dermatite #rosacea) \u00e8 un problema comune che pu\u00f2 manifestarsi per diverse ragioni, come l'esposizione al #sole, l'#irritazione causata da prodotti chimici, la #dermatite, l'#eczema e altre #malattie della #pelle. Anche se pu\u00f2 sembrare un problema lieve, la pelle #arrossata pu\u00f2 essere fastidiosa, dolorosa e persino #imbarazzante. Molti cercano\u2026","rel":"","context":"In &quot;I Consigli del Tuo Farmacista&quot;","block_context":{"text":"I Consigli del Tuo Farmacista","link":"https:\/\/www.farmaciatacconi.it\/cms2\/category\/informative\/"},"img":{"alt_text":"","src":"https:\/\/i0.wp.com\/www.farmaciatacconi.it\/cms2\/wp-content\/uploads\/2023\/05\/439572975.jpg?resize=350%2C200&ssl=1","width":350,"height":200,"srcset":"https:\/\/i0.wp.com\/www.farmaciatacconi.it\/cms2\/wp-content\/uploads\/2023\/05\/439572975.jpg?resize=350%2C200&ssl=1 1x, https:\/\/i0.wp.com\/www.farmaciatacconi.it\/cms2\/wp-content\/uploads\/2023\/05\/439572975.jpg?resize=525%2C300&ssl=1 1.5x, https:\/\/i0.wp.com\/www.farmaciatacconi.it\/cms2\/wp-content\/uploads\/2023\/05\/439572975.jpg?resize=700%2C400&ssl=1 2x"},"classes":[]},{"id":1431,"url":"https:\/\/www.farmaciatacconi.it\/cms2\/2020\/01\/20\/ecco-i-rimedi-per-la-pelle-arrossata-dermatite-rosacea\/","url_meta":{"origin":974,"position":4},"title":"Ecco i rimedi per la pelle arrossata (dermatite &#8220;Rosacea&#8221;)","author":"Farmacia Tacconi","date":"Lun 20\/01\/2020","format":false,"excerpt":"Per \"Rosacea\" si intende una dermatite cronica infiammatoria, solitamente localizzata nella zona del viso \ud83d\udc69\ud83c\udffb, che pu\u00f2 interessare anche gli occhi (in questo caso si parla di \"Rosacea oculare\"), consistente in un\u2019alterazione patologica della cute che si manifesta con eritema, con teleangectasie e\/o con lesioni infiammatorie di tipo acneiforme. Questa\u2026","rel":"","context":"In &quot;I Consigli del Tuo Farmacista&quot;","block_context":{"text":"I Consigli del Tuo Farmacista","link":"https:\/\/www.farmaciatacconi.it\/cms2\/category\/informative\/"},"img":{"alt_text":"","src":"https:\/\/i0.wp.com\/www.farmaciatacconi.it\/cms2\/wp-content\/uploads\/2020\/01\/rosacea_001.jpg?resize=350%2C200&ssl=1","width":350,"height":200,"srcset":"https:\/\/i0.wp.com\/www.farmaciatacconi.it\/cms2\/wp-content\/uploads\/2020\/01\/rosacea_001.jpg?resize=350%2C200&ssl=1 1x, https:\/\/i0.wp.com\/www.farmaciatacconi.it\/cms2\/wp-content\/uploads\/2020\/01\/rosacea_001.jpg?resize=525%2C300&ssl=1 1.5x"},"classes":[]},{"id":4186,"url":"https:\/\/www.farmaciatacconi.it\/cms2\/2023\/05\/24\/%e2%9c%85-creme-e-trattamenti-esfolianti-scopri-qui-a-cosa-servono-e-perche-sono-importanti\/","url_meta":{"origin":974,"position":5},"title":"\u2705 Creme e trattamenti #esfolianti: scopri qui a cosa servono e perch\u00e9 sono importanti","author":"Farmacia Tacconi","date":"Mer 24\/05\/2023","format":false,"excerpt":"L'utilizzo di un trattamento #esfoliante per la pelle \u00e8 un passo fondamentale nella #routine di cura della #pelle. L'#esfoliazione aiuta a rimuovere le cellule #morte e le impurit\u00e0 che si accumulano sulla superficie della pelle, rivelandone una nuova e luminosa. Ma quali sono i meccanismi di azione di questi prodotti\u2026","rel":"","context":"In &quot;I Consigli del Tuo Farmacista&quot;","block_context":{"text":"I Consigli del Tuo Farmacista","link":"https:\/\/www.farmaciatacconi.it\/cms2\/category\/informative\/"},"img":{"alt_text":"","src":"https:\/\/i0.wp.com\/www.farmaciatacconi.it\/cms2\/wp-content\/uploads\/2023\/05\/56346567547.jpg?resize=350%2C200&ssl=1","width":350,"height":200,"srcset":"https:\/\/i0.wp.com\/www.farmaciatacconi.it\/cms2\/wp-content\/uploads\/2023\/05\/56346567547.jpg?resize=350%2C200&ssl=1 1x, https:\/\/i0.wp.com\/www.farmaciatacconi.it\/cms2\/wp-content\/uploads\/2023\/05\/56346567547.jpg?resize=525%2C300&ssl=1 1.5x, https:\/\/i0.wp.com\/www.farmaciatacconi.it\/cms2\/wp-content\/uploads\/2023\/05\/56346567547.jpg?resize=700%2C400&ssl=1 2x, https:\/\/i0.wp.com\/www.farmaciatacconi.it\/cms2\/wp-content\/uploads\/2023\/05\/56346567547.jpg?resize=1050%2C600&ssl=1 3x, https:\/\/i0.wp.com\/www.farmaciatacconi.it\/cms2\/wp-content\/uploads\/2023\/05\/56346567547.jpg?resize=1400%2C800&ssl=1 4x"},"classes":[]}],"_links":{"self":[{"href":"https:\/\/www.farmaciatacconi.it\/cms2\/wp-json\/wp\/v2\/posts\/974","targetHints":{"allow":["GET"]}}],"collection":[{"href":"https:\/\/www.farmaciatacconi.it\/cms2\/wp-json\/wp\/v2\/posts"}],"about":[{"href":"https:\/\/www.farmaciatacconi.it\/cms2\/wp-json\/wp\/v2\/types\/post"}],"author":[{"embeddable":true,"href":"https:\/\/www.farmaciatacconi.it\/cms2\/wp-json\/wp\/v2\/users\/1"}],"replies":[{"embeddable":true,"href":"https:\/\/www.farmaciatacconi.it\/cms2\/wp-json\/wp\/v2\/comments?post=974"}],"version-history":[{"count":3,"href":"https:\/\/www.farmaciatacconi.it\/cms2\/wp-json\/wp\/v2\/posts\/974\/revisions"}],"predecessor-version":[{"id":994,"href":"https:\/\/www.farmaciatacconi.it\/cms2\/wp-json\/wp\/v2\/posts\/974\/revisions\/994"}],"wp:featuredmedia":[{"embeddable":true,"href":"https:\/\/www.farmaciatacconi.it\/cms2\/wp-json\/wp\/v2\/media\/993"}],"wp:attachment":[{"href":"https:\/\/www.farmaciatacconi.it\/cms2\/wp-json\/wp\/v2\/media?parent=974"}],"wp:term":[{"taxonomy":"category","embeddable":true,"href":"https:\/\/www.farmaciatacconi.it\/cms2\/wp-json\/wp\/v2\/categories?post=974"},{"taxonomy":"post_tag","embeddable":true,"href":"https:\/\/www.farmaciatacconi.it\/cms2\/wp-json\/wp\/v2\/tags?post=974"}],"curies":[{"name":"wp","href":"https:\/\/api.w.org\/{rel}","templated":true}]}}