{"id":5183,"date":"2025-08-04T09:00:00","date_gmt":"2025-08-04T07:00:00","guid":{"rendered":"https:\/\/www.farmaciatacconi.it\/cms2\/?p=5183"},"modified":"2025-08-03T23:02:57","modified_gmt":"2025-08-03T21:02:57","slug":"vacanze_estive_2025","status":"publish","type":"post","link":"https:\/\/www.farmaciatacconi.it\/cms2\/2025\/08\/04\/vacanze_estive_2025\/","title":{"rendered":"\u2705Preparati per le Vacanze con FarmaciaTacconi \ud83c\udfd6\ufe0f"},"content":{"rendered":"\n<p>Le ferie estive di agosto sono finalmente alle porte e con esse arriva il momento di staccare la spina e partire per una nuova #avventura! \ud83c\udf1e Che tu stia sognando di sdraiarti su una #spiaggia #dorata, di scalare #montagne mozzafiato o di perderti tra le strade di una #citt\u00e0 d&#8217;#arte, ci sono alcune cose che non puoi assolutamente dimenticare. E chi meglio della <strong> #FarmaciaTacconi<\/strong>, nel cuore del #quartiereFinocchio sulla #viaCasilina a #Roma, pu\u00f2 aiutarti a prepararti al meglio? Prima di chiudere la #valigia, fai un salto da noi! I nostri #farmacisti sono pronti a darti #consiglipreziosi e a fornirti tutto il necessario per affrontare le tue #vacanze senza pensieri.<\/p>\n\n\n\n<h3 class=\"wp-block-heading\">\ud83e\uddf3 Cosa Portare in Vacanza<\/h3>\n\n\n\n<p>Quando si tratta di preparare la valigia, \u00e8 facile dimenticare alcuni elementi essenziali. Ecco una lista di cose da non dimenticare:<\/p>\n\n\n\n<h4 class=\"wp-block-heading\">\ud83e\ude79 Kit di Pronto Soccorso<\/h4>\n\n\n\n<p>Un kit di pronto soccorso \u00e8 fondamentale per affrontare eventuali imprevisti. Assicurati di includere:<\/p>\n\n\n\n<ul class=\"wp-block-list\">\n<li><strong>Cerotti<\/strong> per piccole ferite<\/li>\n\n\n\n<li><strong>Disinfettante<\/strong> per le mani<\/li>\n\n\n\n<li><strong>Bende<\/strong> e garze<\/li>\n\n\n\n<li><strong>Antidolorifici<\/strong> come il paracetamolo o l&#8217;ibuprofene<\/li>\n\n\n\n<li><strong>Antistaminici<\/strong> per le allergie<\/li>\n<\/ul>\n\n\n\n<h4 class=\"wp-block-heading\">\ud83c\udf1e Protezione Solare<\/h4>\n\n\n\n<p>La protezione solare \u00e8 un must per proteggere la pelle dai danni del sole. Scegli un prodotto con un fattore di protezione solare (SPF) adeguato al tuo tipo di pelle e ricorda di applicarlo frequentemente, soprattutto dopo il bagno.<\/p>\n\n\n\n<h4 class=\"wp-block-heading\">\ud83d\udca7 Idratazione<\/h4>\n\n\n\n<p>Porta con te una buona scorta di acqua e, se possibile, anche integratori elettrolitici per mantenerti idratato, specialmente se trascorri molto tempo al sole.<\/p>\n\n\n\n<h4 class=\"wp-block-heading\">\ud83e\uddf4 Prodotti per la Cura della Pelle<\/h4>\n\n\n\n<p>Non dimenticare i tuoi prodotti per la cura della pelle, come:<\/p>\n\n\n\n<ul class=\"wp-block-list\">\n<li><strong>Creme idratanti<\/strong><\/li>\n\n\n\n<li><strong>Balsami labbra<\/strong> con protezione solare<\/li>\n\n\n\n<li><strong>Detergerenti<\/strong> delicati per il viso<\/li>\n<\/ul>\n\n\n\n<h4 class=\"wp-block-heading\">\ud83d\udc8a Farmaci Personali<\/h4>\n\n\n\n<p>Se assumi farmaci regolarmente, assicurati di portare una scorta sufficiente per tutta la durata del viaggio. \u00c8 sempre utile avere una copia della prescrizione medica nel caso in cui tu debba rifornirti.<\/p>\n\n\n\n<h3 class=\"wp-block-heading\">\ud83c\udfe5 Visita alla Farmacia Tacconi<\/h3>\n\n\n\n<p>Prima di partire, \u00e8 importante fare una sosta nella nostra <strong>Farmacia<\/strong>. I nostri farmacisti esperti sono a tua disposizione per offrirti consigli personalizzati e per aiutarti a scegliere i prodotti pi\u00f9 adatti alle tue esigenze. Ecco alcuni motivi per cui dovresti visitare la nostra farmacia:<\/p>\n\n\n\n<h4 class=\"wp-block-heading\">\ud83d\udc69\u200d\u2695\ufe0f Consulenza Professionale<\/h4>\n\n\n\n<p>I nostri farmacisti possono fornirti informazioni sui farmaci da portare in viaggio e su come gestire eventuali problemi di salute che potrebbero sorgere. Non esitare a chiedere!<\/p>\n\n\n\n<h4 class=\"wp-block-heading\">\ud83d\udecd\ufe0f Prodotti di Qualit\u00e0<\/h4>\n\n\n\n<p>Presso la <strong>Farmacia Tacconi<\/strong>, troverai una vasta gamma di prodotti, dai farmaci da banco ai prodotti per la cura della pelle, fino agli integratori alimentari. Siamo qui per garantirti che tu abbia tutto il necessario per una vacanza serena.<\/p>\n\n\n\n<h4 class=\"wp-block-heading\">\ud83d\udce6 Servizio Personalizzato<\/h4>\n\n\n\n<p>Se hai esigenze particolari, come allergie o intolleranze, i nostri farmacisti possono aiutarti a trovare i prodotti pi\u00f9 adatti a te. Non dimenticare di comunicare le tue necessit\u00e0!<\/p>\n\n\n\n<h3 class=\"wp-block-heading\">\ud83c\udf0d Consigli per Viaggiare Sicuri<\/h3>\n\n\n\n<p>Oltre a preparare la valigia, ci sono alcuni consigli pratici per viaggiare in sicurezza:<\/p>\n\n\n\n<h4 class=\"wp-block-heading\">\ud83d\ude97 Controlla la Tua Assicurazione<\/h4>\n\n\n\n<p>Assicurati di avere un&#8217;assicurazione di viaggio adeguata che copra eventuali spese mediche all&#8217;estero. Controlla anche se la tua polizza copre eventuali cancellazioni o ritardi.<\/p>\n\n\n\n<h4 class=\"wp-block-heading\">\ud83d\udcf1 Tieni a Portata di Mano i Contatti Utili<\/h4>\n\n\n\n<p>Annota i numeri di emergenza e i contatti della tua farmacia di fiducia. In caso di necessit\u00e0, sapere a chi rivolgerti pu\u00f2 fare la differenza.<\/p>\n\n\n\n<h4 class=\"wp-block-heading\">\ud83d\uddfa\ufe0f Informati sulla Destinazione<\/h4>\n\n\n\n<p>Prima di partire, informati sulle condizioni sanitarie e di sicurezza del luogo che visiterai. Alcuni paesi potrebbero richiedere vaccinazioni specifiche o avere avvertenze particolari.<\/p>\n\n\n\n<h3 class=\"wp-block-heading\">\ud83c\udfd6\ufe0f Goditi le Tue Vacanze!<\/h3>\n\n\n\n<p>Una volta che hai tutto il necessario, non ti resta che goderti le tue vacanze! \ud83c\udf89 Ricorda di prenderti del tempo per rilassarti e divertirti. Che tu stia esplorando nuove citt\u00e0, facendo escursioni in montagna o semplicemente sdraiato sulla spiaggia, ogni momento \u00e8 prezioso. Ecco alcuni suggerimenti per rendere la tua esperienza ancora pi\u00f9 memorabile:<\/p>\n\n\n\n<h4 class=\"wp-block-heading\">\ud83c\udf05 Sii Flessibile<\/h4>\n\n\n\n<p>Le vacanze sono fatte per essere godute, quindi non stressarti troppo per i piani. Se qualcosa non va come previsto, abbraccia l&#8217;imprevisto! A volte le migliori avventure nascono da situazioni inaspettate.<\/p>\n\n\n\n<h4 class=\"wp-block-heading\">\ud83d\udcf8 Cattura i Momenti<\/h4>\n\n\n\n<p>Non dimenticare di portare la tua macchina fotografica o il tuo smartphone per immortalare i momenti speciali. Le foto sono un modo fantastico per rivivere i ricordi e condividere le tue esperienze con amici e familiari.<\/p>\n\n\n\n<h4 class=\"wp-block-heading\">\ud83c\udf7d\ufe0f Prova Nuovi Sapori<\/h4>\n\n\n\n<p>Ogni viaggio \u00e8 un&#8217;opportunit\u00e0 per scoprire nuovi piatti e sapori. Non avere paura di provare la cucina locale! Che si tratti di un ristorante elegante o di un chiosco di street food, ogni pasto pu\u00f2 essere un&#8217;avventura.<\/p>\n\n\n\n<h4 class=\"wp-block-heading\">\ud83c\udfde\ufe0f Rilassati e Ricarica le Batterie<\/h4>\n\n\n\n<p>Non dimenticare di dedicare del tempo al relax. Che si tratti di una passeggiata sulla spiaggia, di una lettura sotto l&#8217;ombrellone o di un massaggio in una spa, concediti dei momenti di tranquillit\u00e0 per ricaricare le batterie.<\/p>\n\n\n\n<h3 class=\"wp-block-heading\">\ud83c\udfe5 La Farmacia Tacconi \u00e8 Sempre con Te<\/h3>\n\n\n\n<p>Anche in vacanza, la salute \u00e8 una priorit\u00e0. Se hai bisogno di assistenza o di un consiglio, ricorda che la <strong>Farmacia Tacconi<\/strong> \u00e8 sempre qui per te. Puoi contattarci via email a <strong><a rel=\"noreferrer noopener\" target=\"_blank\" href=\"mailto:info@farmaciatacconi.it\">info@farmaciatacconi.it<\/a><\/strong> per qualsiasi domanda o per ricevere consigli sui prodotti da portare in viaggio.<\/p>\n\n\n\n<h4 class=\"wp-block-heading\">\ud83d\udcde Contatti Utili<\/h4>\n\n\n\n<ul class=\"wp-block-list\">\n<li><strong>Email:<\/strong> <a href=\"mailto:info@farmaciatacconi.it\" target=\"_blank\" rel=\"noreferrer noopener\">info@farmaciatacconi.it<\/a><\/li>\n\n\n\n<li><strong>Sito Web:<\/strong> <a href=\"http:\/\/www.farmaciatacconi.it\" target=\"_blank\" rel=\"noreferrer noopener\">www.farmaciatacconi.it<\/a><\/li>\n<\/ul>\n\n\n\n<h3 class=\"wp-block-heading\">\ud83c\udf1f Vienici a trovare<\/h3>\n\n\n\n<p>Prepararsi per le vacanze non deve essere un compito stressante. Con un po&#8217; di pianificazione e l&#8217;aiuto della <strong>nostra Farmacia<\/strong>, puoi partire con la tranquillit\u00e0 di avere tutto ci\u00f2 di cui hai bisogno. Non dimenticare di fare un salto da noi prima di partire per ricevere consigli personalizzati e per assicurarti di avere tutto il necessario per una vacanza serena e senza preoccupazioni.<\/p>\n\n\n\n<p>Buone vacanze e ricorda: la salute \u00e8 il tuo miglior souvenir! \ud83c\udfd6\ufe0f\u2728<\/p>\n\n\n\n<hr class=\"wp-block-separator has-css-opacity\"\/>\n\n\n<ul class=\"wp-block-latest-posts__list is-grid columns-3 has-author aligncenter wp-block-latest-posts\"><li><div class=\"wp-block-latest-posts__featured-image aligncenter\"><img decoding=\"async\" width=\"150\" height=\"150\" src=\"https:\/\/www.farmaciatacconi.it\/cms2\/wp-content\/uploads\/2026\/04\/895942589-150x150.jpg\" class=\"attachment-thumbnail size-thumbnail wp-post-image\" alt=\"\" style=\"\" srcset=\"https:\/\/www.farmaciatacconi.it\/cms2\/wp-content\/uploads\/2026\/04\/895942589-150x150.jpg 150w, https:\/\/www.farmaciatacconi.it\/cms2\/wp-content\/uploads\/2026\/04\/895942589-300x300.jpg 300w\" sizes=\"(max-width: 150px) 100vw, 150px\" \/><\/div><a class=\"wp-block-latest-posts__post-title\" href=\"https:\/\/www.farmaciatacconi.it\/cms2\/2026\/04\/29\/%e2%9c%85-somatoline-nuova-nuova-linea-deodoranti-somatolineskinexpert-%e2%9c%a8\/\">\u2705 SOMATOLINE: NUOVA nuova linea deodoranti #SomatolineSkinExpert! \u2728<\/a><div class=\"wp-block-latest-posts__post-author\">di Farmacia Tacconi<\/div><div class=\"wp-block-latest-posts__post-excerpt\">Informiamo i gentili clienti che nella nostra \ud83d\udc99#FarmaciaTacconi\ud83d\udc99 in zona #Finocchio, #ViadiPrataporci e #ViaCasilina \u00e8 arrivata&hellip;<\/div><\/li>\n<li><div class=\"wp-block-latest-posts__featured-image aligncenter\"><img decoding=\"async\" width=\"150\" height=\"150\" src=\"https:\/\/www.farmaciatacconi.it\/cms2\/wp-content\/uploads\/2026\/04\/59349854859-150x150.jpg\" class=\"attachment-thumbnail size-thumbnail wp-post-image\" alt=\"\" style=\"\" srcset=\"https:\/\/www.farmaciatacconi.it\/cms2\/wp-content\/uploads\/2026\/04\/59349854859-150x150.jpg 150w, https:\/\/www.farmaciatacconi.it\/cms2\/wp-content\/uploads\/2026\/04\/59349854859-300x300.jpg 300w\" sizes=\"(max-width: 150px) 100vw, 150px\" \/><\/div><a class=\"wp-block-latest-posts__post-title\" href=\"https:\/\/www.farmaciatacconi.it\/cms2\/2026\/04\/24\/%f0%9f%92%a1-offerta-vichy-8e-di-sconto-immediato\/\">\ud83d\udca1 OFFERTA VICHY\u00ae: 8\u20ac di SCONTO immediato!<\/a><div class=\"wp-block-latest-posts__post-author\">di Farmacia Tacconi<\/div><div class=\"wp-block-latest-posts__post-excerpt\">Vieni a trovarci in \ud83d\udc99#FarmaciaTacconi\ud83d\udc99 in zona #Finocchio #ViadiPrataporci #ViaCasilina per la grande offerta del prestigioso&hellip;<\/div><\/li>\n<li><div class=\"wp-block-latest-posts__featured-image aligncenter\"><img decoding=\"async\" width=\"150\" height=\"150\" src=\"https:\/\/www.farmaciatacconi.it\/cms2\/wp-content\/uploads\/2026\/04\/immagine-150x150.png\" class=\"attachment-thumbnail size-thumbnail wp-post-image\" alt=\"\" style=\"\" srcset=\"https:\/\/www.farmaciatacconi.it\/cms2\/wp-content\/uploads\/2026\/04\/immagine-150x150.png 150w, https:\/\/www.farmaciatacconi.it\/cms2\/wp-content\/uploads\/2026\/04\/immagine-300x300.png 300w\" sizes=\"(max-width: 150px) 100vw, 150px\" \/><\/div><a class=\"wp-block-latest-posts__post-title\" href=\"https:\/\/www.farmaciatacconi.it\/cms2\/2026\/04\/22\/%f0%9f%92%84evento-22-aprile-makeup-professionale-in-farmacia-%f0%9f%92%96-non-mancare\/\">\ud83d\udc84EVENTO 22 APRILE #MAKEUP PROFESSIONALE IN FARMACIA! \ud83d\udc96 Non mancare!<\/a><div class=\"wp-block-latest-posts__post-author\">di Farmacia Tacconi<\/div><div class=\"wp-block-latest-posts__post-excerpt\">Oggi 22 Aprile in \ud83d\udc99 #FarmaciaTacconi \ud83d\udc99 in zona #Finocchio #ViadiPrataporci #ViaCasilina siete invitat\u0259 per il&hellip;<\/div><\/li>\n<li><div class=\"wp-block-latest-posts__featured-image aligncenter\"><img loading=\"lazy\" decoding=\"async\" width=\"150\" height=\"150\" src=\"https:\/\/www.farmaciatacconi.it\/cms2\/wp-content\/uploads\/2026\/04\/54985943895-150x150.jpg\" class=\"attachment-thumbnail size-thumbnail wp-post-image\" alt=\"\" style=\"\" srcset=\"https:\/\/www.farmaciatacconi.it\/cms2\/wp-content\/uploads\/2026\/04\/54985943895-150x150.jpg 150w, https:\/\/www.farmaciatacconi.it\/cms2\/wp-content\/uploads\/2026\/04\/54985943895-300x300.jpg 300w\" sizes=\"(max-width: 150px) 100vw, 150px\" \/><\/div><a class=\"wp-block-latest-posts__post-title\" href=\"https:\/\/www.farmaciatacconi.it\/cms2\/2026\/04\/20\/%f0%9f%9f%a2-evento-22-aprile-makeup-%f0%9f%92%84professionale-in-farmacia-%f0%9f%92%96-non-mancare\/\">\ud83d\udfe2 EVENTO 22 APRILE #MAKEUP \ud83d\udc84PROFESSIONALE IN FARMACIA! \ud83d\udc96 Non mancare!<\/a><div class=\"wp-block-latest-posts__post-author\">di Farmacia Tacconi<\/div><div class=\"wp-block-latest-posts__post-excerpt\">Il 22 Aprile in \ud83d\udc99 #FarmaciaTacconi \ud83d\udc99 in zona #Finocchio #ViadiPrataporci #ViaCasilina siete invitat\u0259 per il&hellip;<\/div><\/li>\n<li><div class=\"wp-block-latest-posts__featured-image aligncenter\"><img loading=\"lazy\" decoding=\"async\" width=\"150\" height=\"150\" src=\"https:\/\/www.farmaciatacconi.it\/cms2\/wp-content\/uploads\/2026\/04\/498259458-150x150.jpg\" class=\"attachment-thumbnail size-thumbnail wp-post-image\" alt=\"\" style=\"\" srcset=\"https:\/\/www.farmaciatacconi.it\/cms2\/wp-content\/uploads\/2026\/04\/498259458-150x150.jpg 150w, https:\/\/www.farmaciatacconi.it\/cms2\/wp-content\/uploads\/2026\/04\/498259458-300x300.jpg 300w\" sizes=\"(max-width: 150px) 100vw, 150px\" \/><\/div><a class=\"wp-block-latest-posts__post-title\" href=\"https:\/\/www.farmaciatacconi.it\/cms2\/2026\/04\/17\/dolomia%f0%9f%92%84-30-subito-sui-fondotinta-per-una-base-perfetta\/\">Dolomia\ud83d\udc84: -30% SUBITO sui #fondotinta per una base perfetta!<\/a><div class=\"wp-block-latest-posts__post-author\">di Farmacia Tacconi<\/div><div class=\"wp-block-latest-posts__post-excerpt\">Presso la nostra #FarmaciaTacconi a #Finocchio lungo la storica #ViaCasilina, siamo felici di annunciare una grande&hellip;<\/div><\/li>\n<li><div class=\"wp-block-latest-posts__featured-image aligncenter\"><img loading=\"lazy\" decoding=\"async\" width=\"150\" height=\"150\" src=\"https:\/\/www.farmaciatacconi.it\/cms2\/wp-content\/uploads\/2026\/04\/3984942598-150x150.jpg\" class=\"attachment-thumbnail size-thumbnail wp-post-image\" alt=\"\" style=\"\" srcset=\"https:\/\/www.farmaciatacconi.it\/cms2\/wp-content\/uploads\/2026\/04\/3984942598-150x150.jpg 150w, https:\/\/www.farmaciatacconi.it\/cms2\/wp-content\/uploads\/2026\/04\/3984942598-300x300.jpg 300w\" sizes=\"(max-width: 150px) 100vw, 150px\" \/><\/div><a class=\"wp-block-latest-posts__post-title\" href=\"https:\/\/www.farmaciatacconi.it\/cms2\/2026\/04\/16\/%e2%9a%a1%ef%b8%8fofferta-a-tempo-apivita-%f0%9f%90%9d-25-subito-sulla-linea-queen-bee\/\">\u26a1\ufe0fOFFERTA a tempo APIVITA \ud83d\udc1d: -25% SUBITO sulla linea QUEEN BEE<\/a><div class=\"wp-block-latest-posts__post-author\">di Farmacia Tacconi<\/div><div class=\"wp-block-latest-posts__post-excerpt\">Scopri la linea #QueenBee di #APIVITA in #offerta speciale nella nostra #farmaciatacconi.it: -25% SUBITO! \ud83c\udf89 QueenBee&hellip;<\/div><\/li>\n<\/ul>\n\n\n<hr class=\"wp-block-separator has-css-opacity\"\/>\n\n\n\n<h3 class=\"wp-block-heading has-text-align-center\">\ud83d\udc99 <strong><a href=\"http:\/\/www.farmaciatacconi.it\">FARMACIA TACCONI<\/a><\/strong> \ud83d\udc99<\/h3>\n\n\n\n<h3 class=\"wp-block-heading has-text-align-center\">= <em>La <a href=\"http:\/\/www.farmaciatacconi.it\">Farmacia<\/a> di fiducia del TUO quartiere<\/em> =<\/h3>\n\n\n\n<p class=\"has-text-align-center\">[U<em>nica Sede \u2013 Farmacia di Turno Aperta \u2013 <strong>Oltre 250 MQ di esposizione<\/strong> \u2013 Zona Finocchio Borghesiana]<\/em><\/p>\n\n\n\n<p class=\"has-text-align-center\">\ud83e\udded <strong>Via di Prataporci n.4 \u2013 00132 ROMA<\/strong><\/p>\n\n\n\n<p class=\"has-text-align-center\"><em>[Incrocio lungo la Via Casilina]<\/em><br><br>\ud83d\udd17 http:\/\/<a href=\"http:\/\/www.farmaciatacconi.it\">www.farmaciatacconi.it<\/a><br>\u2709\ufe0f <a href=\"mailto:info@farmaciatacconi.it\">info@farmaciatacconi.it<\/a><br>\ud83d\udcde <strong>06 207 60 354<\/strong><br><br><a href=\"https:\/\/t.me\/farmaciatacconi\">Iscriviti ORA gratis<\/a> sul Canale <strong>Telegram <\/strong>della Farmacia:<br><br>\ud83d\udd11 <a href=\"https:\/\/t.me\/farmaciatacconi\">https:\/\/t.me\/farmaciatacconi<\/a><\/p>\n","protected":false},"excerpt":{"rendered":"<p>Le ferie estive di agosto sono finalmente alle porte e con esse arriva il momento di staccare la spina e partire per una nuova #avventura! \ud83c\udf1e Che tu stia sognando di sdraiarti su una #spiaggia #dorata, di scalare #montagne mozzafiato o di perderti tra le strade di una #citt\u00e0 d&#8217;#arte, ci sono alcune cose che&hellip;<\/p>\n","protected":false},"author":1,"featured_media":5184,"comment_status":"closed","ping_status":"closed","sticky":false,"template":"","format":"standard","meta":{"jetpack_post_was_ever_published":false,"_jetpack_newsletter_access":"","_jetpack_dont_email_post_to_subs":false,"_jetpack_newsletter_tier_id":0,"_jetpack_memberships_contains_paywalled_content":false,"_jetpack_memberships_contains_paid_content":false,"footnotes":"","jetpack_publicize_message":"","jetpack_publicize_feature_enabled":true,"jetpack_social_post_already_shared":true,"jetpack_social_options":{"image_generator_settings":{"template":"highway","default_image_id":0,"font":"","enabled":false},"version":2}},"categories":[13,3],"tags":[918,727,1295,1173,1127,1293,1134,1181,1291,1296],"class_list":["post-5183","post","type-post","status-publish","format-standard","has-post-thumbnail","hentry","category-informative","category-news","tag-allergia","tag-allergie","tag-benessere-capelli","tag-crema-solare","tag-polline","tag-protenzione-solare","tag-reazione-allergica","tag-vacanze","tag-vademecum","tag-viaggi"],"jetpack_publicize_connections":[],"jetpack_featured_media_url":"https:\/\/www.farmaciatacconi.it\/cms2\/wp-content\/uploads\/2025\/08\/954985943.jpg","jetpack_sharing_enabled":true,"jetpack_likes_enabled":true,"jetpack-related-posts":[{"id":4298,"url":"https:\/\/www.farmaciatacconi.it\/cms2\/2023\/07\/18\/vieni-nella-nostra-farmacia-%e2%9c%85-per-chiedere-quali-farmaci-e-importante-portare-in-vacanza\/","url_meta":{"origin":5183,"position":0},"title":"Vieni nella nostra Farmacia \u2705 per chiedere quali farmaci \u00e8 importante portare in #VACANZA","author":"Farmacia Tacconi","date":"Mar 18\/07\/2023","format":false,"excerpt":"\ud83d\udc99 Informiamo i gentili clienti che nel #quartierefinocchio sulla via #casilina a #Roma in questa estate rovente, sappiamo quanto sia importante godersi appieno ogni momento durante le vostre meritate #ferie, e per questo motivo vogliamo fornirvi alcuni consigli utili su quali farmaci e prodotti portare con voi in viaggio, invitandovi\u2026","rel":"","context":"In &quot;I Consigli del Tuo Farmacista&quot;","block_context":{"text":"I Consigli del Tuo Farmacista","link":"https:\/\/www.farmaciatacconi.it\/cms2\/category\/informative\/"},"img":{"alt_text":"","src":"https:\/\/i0.wp.com\/www.farmaciatacconi.it\/cms2\/wp-content\/uploads\/2023\/07\/598429859.jpg?resize=350%2C200&ssl=1","width":350,"height":200,"srcset":"https:\/\/i0.wp.com\/www.farmaciatacconi.it\/cms2\/wp-content\/uploads\/2023\/07\/598429859.jpg?resize=350%2C200&ssl=1 1x, https:\/\/i0.wp.com\/www.farmaciatacconi.it\/cms2\/wp-content\/uploads\/2023\/07\/598429859.jpg?resize=525%2C300&ssl=1 1.5x, https:\/\/i0.wp.com\/www.farmaciatacconi.it\/cms2\/wp-content\/uploads\/2023\/07\/598429859.jpg?resize=700%2C400&ssl=1 2x, https:\/\/i0.wp.com\/www.farmaciatacconi.it\/cms2\/wp-content\/uploads\/2023\/07\/598429859.jpg?resize=1050%2C600&ssl=1 3x"},"classes":[]},{"id":4847,"url":"https:\/\/www.farmaciatacconi.it\/cms2\/2024\/07\/25\/%e2%9c%85-quali-prodotti-per-la-salute-portare-in-vacanza-ecco-il-vademecum-indispensabile-per-chi-parte\/","url_meta":{"origin":5183,"position":1},"title":"\u2705 Quali prodotti per la salute portare in vacanza? Ecco il vademecum indispensabile per chi parte!","author":"Farmacia Tacconi","date":"Gio 25\/07\/2024","format":false,"excerpt":"L'estate \u00e8 il momento ideale per le #vacanze, un'opportunit\u00e0 per rilassarsi e godersi il #sole, la #spiaggia o la #montagna. Tuttavia, per garantirsi un'esperienza senza intoppi e per affrontare qualsiasi imprevisto legato alla #salute, \u00e8 fondamentale essere ben preparati. Oltre ai vestiti e agli accessori, \u00e8 importante portare con s\u00e9\u2026","rel":"","context":"In &quot;I Consigli del Tuo Farmacista&quot;","block_context":{"text":"I Consigli del Tuo Farmacista","link":"https:\/\/www.farmaciatacconi.it\/cms2\/category\/informative\/"},"img":{"alt_text":"","src":"https:\/\/i0.wp.com\/www.farmaciatacconi.it\/cms2\/wp-content\/uploads\/2024\/07\/5438598435.jpg?resize=350%2C200&ssl=1","width":350,"height":200,"srcset":"https:\/\/i0.wp.com\/www.farmaciatacconi.it\/cms2\/wp-content\/uploads\/2024\/07\/5438598435.jpg?resize=350%2C200&ssl=1 1x, https:\/\/i0.wp.com\/www.farmaciatacconi.it\/cms2\/wp-content\/uploads\/2024\/07\/5438598435.jpg?resize=525%2C300&ssl=1 1.5x, https:\/\/i0.wp.com\/www.farmaciatacconi.it\/cms2\/wp-content\/uploads\/2024\/07\/5438598435.jpg?resize=700%2C400&ssl=1 2x, https:\/\/i0.wp.com\/www.farmaciatacconi.it\/cms2\/wp-content\/uploads\/2024\/07\/5438598435.jpg?resize=1050%2C600&ssl=1 3x"},"classes":[]},{"id":4788,"url":"https:\/\/www.farmaciatacconi.it\/cms2\/2024\/06\/03\/%e2%9c%85-scopri-quanto-e-importante-proteggersi-dai-raggi-uv\/","url_meta":{"origin":5183,"position":2},"title":"\u2705 Scopri quanto \u00e8 importante proteggersi dai raggi UV","author":"Farmacia Tacconi","date":"Lun 03\/06\/2024","format":false,"excerpt":"L'esposizione ai raggi solari pu\u00f2 causare vari danni alla pelle, tra cui #scottature, #invecchiamento precoce e col tempo persino danni alla pelle peggiori con lesioni che possono portare allo sviluppo di gravi #neoplasie. Per proteggere efficacemente la pelle dai #raggi dannosi del #sole, \u00e8 fondamentale utilizzare prodotti #solari che contengono\u2026","rel":"","context":"In &quot;I Consigli del Tuo Farmacista&quot;","block_context":{"text":"I Consigli del Tuo Farmacista","link":"https:\/\/www.farmaciatacconi.it\/cms2\/category\/informative\/"},"img":{"alt_text":"","src":"https:\/\/i0.wp.com\/www.farmaciatacconi.it\/cms2\/wp-content\/uploads\/2024\/06\/40598333_398498.jpg?resize=350%2C200&ssl=1","width":350,"height":200,"srcset":"https:\/\/i0.wp.com\/www.farmaciatacconi.it\/cms2\/wp-content\/uploads\/2024\/06\/40598333_398498.jpg?resize=350%2C200&ssl=1 1x, https:\/\/i0.wp.com\/www.farmaciatacconi.it\/cms2\/wp-content\/uploads\/2024\/06\/40598333_398498.jpg?resize=525%2C300&ssl=1 1.5x, https:\/\/i0.wp.com\/www.farmaciatacconi.it\/cms2\/wp-content\/uploads\/2024\/06\/40598333_398498.jpg?resize=700%2C400&ssl=1 2x, https:\/\/i0.wp.com\/www.farmaciatacconi.it\/cms2\/wp-content\/uploads\/2024\/06\/40598333_398498.jpg?resize=1050%2C600&ssl=1 3x, https:\/\/i0.wp.com\/www.farmaciatacconi.it\/cms2\/wp-content\/uploads\/2024\/06\/40598333_398498.jpg?resize=1400%2C800&ssl=1 4x"},"classes":[]},{"id":4100,"url":"https:\/\/www.farmaciatacconi.it\/cms2\/2023\/04\/12\/%e2%9c%85-ecco-perche-e-importante-proteggersi-dai-raggi-solari\/","url_meta":{"origin":5183,"position":3},"title":"\u2705 Ecco perch\u00e9 \u00e8 importante proteggersi dai raggi solari","author":"Farmacia Tacconi","date":"Mer 12\/04\/2023","format":false,"excerpt":"L'esposizione ai raggi #solari pu\u00f2 causare una serie di danni alla #pelle, tra cui #scottature, #invecchiamento precoce e #cancro della pelle. Per #proteggere la pelle dai #danni del #sole, \u00e8 importante utilizzare prodotti e #cremeprotettive che contengono #filtri #solari. Tuttavia, non tutte le creme solari sono uguali e acquistare in\u2026","rel":"","context":"In &quot;I Consigli del Tuo Farmacista&quot;","block_context":{"text":"I Consigli del Tuo Farmacista","link":"https:\/\/www.farmaciatacconi.it\/cms2\/category\/informative\/"},"img":{"alt_text":"","src":"https:\/\/i0.wp.com\/www.farmaciatacconi.it\/cms2\/wp-content\/uploads\/2023\/04\/546565365.jpg?resize=350%2C200&ssl=1","width":350,"height":200,"srcset":"https:\/\/i0.wp.com\/www.farmaciatacconi.it\/cms2\/wp-content\/uploads\/2023\/04\/546565365.jpg?resize=350%2C200&ssl=1 1x, https:\/\/i0.wp.com\/www.farmaciatacconi.it\/cms2\/wp-content\/uploads\/2023\/04\/546565365.jpg?resize=525%2C300&ssl=1 1.5x, https:\/\/i0.wp.com\/www.farmaciatacconi.it\/cms2\/wp-content\/uploads\/2023\/04\/546565365.jpg?resize=700%2C400&ssl=1 2x, https:\/\/i0.wp.com\/www.farmaciatacconi.it\/cms2\/wp-content\/uploads\/2023\/04\/546565365.jpg?resize=1050%2C600&ssl=1 3x"},"classes":[]},{"id":4993,"url":"https:\/\/www.farmaciatacconi.it\/cms2\/2025\/02\/07\/%e2%9c%85-%e2%9d%84%ef%b8%8f-proteggi-la-tua-pelle-dal-freddo-%e2%9d%84%ef%b8%8f\/","url_meta":{"origin":5183,"position":4},"title":"\u2705 \u2744\ufe0f Proteggi la tua pelle dal freddo! \u2744\ufe0f","author":"Farmacia Tacconi","date":"Ven 07\/02\/2025","format":false,"excerpt":"Con l\u2019abbassarsi delle temperature, la nostra #pelle \u00e8 messa a dura prova! Il #freddo, il vento e gli sbalzi di temperatura tra ambienti interni #riscaldati e l\u2019aria gelida all\u2019esterno possono causare #secchezza, rossori, #screpolature e persino una maggiore sensibilit\u00e0 cutanea. Per mantenere la pelle sana e luminosa anche in #inverno,\u2026","rel":"","context":"In &quot;I Consigli del Tuo Farmacista&quot;","block_context":{"text":"I Consigli del Tuo Farmacista","link":"https:\/\/www.farmaciatacconi.it\/cms2\/category\/informative\/"},"img":{"alt_text":"","src":"https:\/\/i0.wp.com\/www.farmaciatacconi.it\/cms2\/wp-content\/uploads\/2025\/02\/49584598.jpg?resize=350%2C200&ssl=1","width":350,"height":200,"srcset":"https:\/\/i0.wp.com\/www.farmaciatacconi.it\/cms2\/wp-content\/uploads\/2025\/02\/49584598.jpg?resize=350%2C200&ssl=1 1x, https:\/\/i0.wp.com\/www.farmaciatacconi.it\/cms2\/wp-content\/uploads\/2025\/02\/49584598.jpg?resize=525%2C300&ssl=1 1.5x, https:\/\/i0.wp.com\/www.farmaciatacconi.it\/cms2\/wp-content\/uploads\/2025\/02\/49584598.jpg?resize=700%2C400&ssl=1 2x, https:\/\/i0.wp.com\/www.farmaciatacconi.it\/cms2\/wp-content\/uploads\/2025\/02\/49584598.jpg?resize=1050%2C600&ssl=1 3x, https:\/\/i0.wp.com\/www.farmaciatacconi.it\/cms2\/wp-content\/uploads\/2025\/02\/49584598.jpg?resize=1400%2C800&ssl=1 4x"},"classes":[]},{"id":5209,"url":"https:\/\/www.farmaciatacconi.it\/cms2\/2025\/09\/10\/%e2%9c%85-riparti-di-slancio-al-rientro-dalle-vacanze-ecco-come\/","url_meta":{"origin":5183,"position":5},"title":"\u2705 Riparti di Slancio al Rientro dalle Vacanze: ecco come","author":"Farmacia Tacconi","date":"Mer 10\/09\/2025","format":false,"excerpt":"Le #vacanze ormai concluse sono state un importante momento di #svago e #relax, ma il rientro alla vita quotidiana pu\u00f2 portare con s\u00e9 un certo #affaticamento. Dopo giorni di #avventure, \u00e8 fondamentale #PrendersiCura del proprio #corpo e #riattivare il #sistemaimmunitario. Presso la #FarmaciaTacconi, situata nel #quartiereFinocchio sulla #viaCasilina a #Roma,\u2026","rel":"","context":"In &quot;I Consigli del Tuo Farmacista&quot;","block_context":{"text":"I Consigli del Tuo Farmacista","link":"https:\/\/www.farmaciatacconi.it\/cms2\/category\/informative\/"},"img":{"alt_text":"","src":"https:\/\/i0.wp.com\/www.farmaciatacconi.it\/cms2\/wp-content\/uploads\/2025\/09\/4989583.jpg?resize=350%2C200&ssl=1","width":350,"height":200,"srcset":"https:\/\/i0.wp.com\/www.farmaciatacconi.it\/cms2\/wp-content\/uploads\/2025\/09\/4989583.jpg?resize=350%2C200&ssl=1 1x, https:\/\/i0.wp.com\/www.farmaciatacconi.it\/cms2\/wp-content\/uploads\/2025\/09\/4989583.jpg?resize=525%2C300&ssl=1 1.5x, https:\/\/i0.wp.com\/www.farmaciatacconi.it\/cms2\/wp-content\/uploads\/2025\/09\/4989583.jpg?resize=700%2C400&ssl=1 2x, https:\/\/i0.wp.com\/www.farmaciatacconi.it\/cms2\/wp-content\/uploads\/2025\/09\/4989583.jpg?resize=1050%2C600&ssl=1 3x, https:\/\/i0.wp.com\/www.farmaciatacconi.it\/cms2\/wp-content\/uploads\/2025\/09\/4989583.jpg?resize=1400%2C800&ssl=1 4x"},"classes":[]}],"_links":{"self":[{"href":"https:\/\/www.farmaciatacconi.it\/cms2\/wp-json\/wp\/v2\/posts\/5183","targetHints":{"allow":["GET"]}}],"collection":[{"href":"https:\/\/www.farmaciatacconi.it\/cms2\/wp-json\/wp\/v2\/posts"}],"about":[{"href":"https:\/\/www.farmaciatacconi.it\/cms2\/wp-json\/wp\/v2\/types\/post"}],"author":[{"embeddable":true,"href":"https:\/\/www.farmaciatacconi.it\/cms2\/wp-json\/wp\/v2\/users\/1"}],"replies":[{"embeddable":true,"href":"https:\/\/www.farmaciatacconi.it\/cms2\/wp-json\/wp\/v2\/comments?post=5183"}],"version-history":[{"count":2,"href":"https:\/\/www.farmaciatacconi.it\/cms2\/wp-json\/wp\/v2\/posts\/5183\/revisions"}],"predecessor-version":[{"id":5187,"href":"https:\/\/www.farmaciatacconi.it\/cms2\/wp-json\/wp\/v2\/posts\/5183\/revisions\/5187"}],"wp:featuredmedia":[{"embeddable":true,"href":"https:\/\/www.farmaciatacconi.it\/cms2\/wp-json\/wp\/v2\/media\/5184"}],"wp:attachment":[{"href":"https:\/\/www.farmaciatacconi.it\/cms2\/wp-json\/wp\/v2\/media?parent=5183"}],"wp:term":[{"taxonomy":"category","embeddable":true,"href":"https:\/\/www.farmaciatacconi.it\/cms2\/wp-json\/wp\/v2\/categories?post=5183"},{"taxonomy":"post_tag","embeddable":true,"href":"https:\/\/www.farmaciatacconi.it\/cms2\/wp-json\/wp\/v2\/tags?post=5183"}],"curies":[{"name":"wp","href":"https:\/\/api.w.org\/{rel}","templated":true}]}}