{"id":5033,"date":"2025-03-12T09:00:00","date_gmt":"2025-03-12T08:00:00","guid":{"rendered":"https:\/\/www.farmaciatacconi.it\/cms2\/?p=5033"},"modified":"2025-03-11T23:19:24","modified_gmt":"2025-03-11T22:19:24","slug":"%e2%9c%85-%f0%9f%8c%bc-rinforza-la-tua-salute-con-farmaciatacconi-it-a-finocchio-%f0%9f%8c%bc","status":"publish","type":"post","link":"https:\/\/www.farmaciatacconi.it\/cms2\/2025\/03\/12\/%e2%9c%85-%f0%9f%8c%bc-rinforza-la-tua-salute-con-farmaciatacconi-it-a-finocchio-%f0%9f%8c%bc\/","title":{"rendered":"\u2705 \ud83c\udf3c Rinforza la Tua Salute con FarmaciaTacconi.it a Finocchio! \ud83c\udf3c"},"content":{"rendered":"\n<p>Con l&#8217;arrivo del cambio di stagione, \u00e8 fondamentale prestare attenzione alla nostra #salute! \ud83c\udf42\ud83c\udf43 Durante questi periodi, il nostro #corpo pu\u00f2 risentire di carenze di #vitamine e #nutrienti essenziali, portando a stanchezza, #debolezza e un sistema #immunitario meno reattivo. \ud83d\ude37\ud83d\udca4 Le vitamine e i minerali sono fondamentali per il nostro benessere: aiutano a mantenere alta l&#8217;energia, supportano le difese naturali e contribuiscono al corretto funzionamento del nostro organismo. \ud83d\udcaa\u2728<\/p>\n\n\n\n<p>Una carenza pu\u00f2 influire negativamente sul nostro umore e sulla nostra vitalit\u00e0, rendendoci pi\u00f9 vulnerabili a malattie e infezioni. Ecco perch\u00e9 \u00e8 importante prestare attenzione ai segnali del nostro corpo e integrare la nostra dieta con i nutrienti necessari!<\/p>\n\n\n\n<p><strong>Ecco alcuni dei principali nutrienti di cui potremmo aver bisogno:<\/strong><\/p>\n\n\n\n<ol class=\"wp-block-list\">\n<li><strong>Vitamina C<\/strong> \ud83c\udf4a: fondamentale per il sistema immunitario e per la salute della pelle.<\/li>\n\n\n\n<li><strong>Vitamina D<\/strong> \u2600\ufe0f: essenziale per la salute delle ossa e per il benessere generale.<\/li>\n\n\n\n<li><strong>Vitamine del gruppo B<\/strong> \ud83c\udf3e: supportano il metabolismo energetico e la salute del sistema nervoso.<\/li>\n\n\n\n<li><strong>Omega-3<\/strong> \ud83d\udc1f: importanti per la salute cardiovascolare e per il funzionamento del cervello.<\/li>\n\n\n\n<li><strong>Ferro<\/strong> \ud83e\udd69: necessario per il trasporto dell&#8217;ossigeno nel sangue e per combattere la stanchezza.<\/li>\n<\/ol>\n\n\n\n<p>Ma non preoccupatevi! Da <strong>FarmaciaTacconi.it<\/strong>, abbiamo tutto ci\u00f2 di cui avete bisogno per affrontare al meglio il cambio di stagione! \ud83c\udf1f Offriamo una vasta gamma di integratori e prodotti controllati e di alta qualit\u00e0, selezionati con cura per garantire il massimo beneficio per la vostra salute. \ud83c\udfe5\ud83d\udc8a<\/p>\n\n\n\n<p><strong>Perch\u00e9 scegliere i nostri integratori?<\/strong><\/p>\n\n\n\n<ul class=\"wp-block-list\">\n<li><strong>Qualit\u00e0 garantita<\/strong>: tutti i nostri prodotti sono testati e certificati.<\/li>\n\n\n\n<li><strong>Consulenza personalizzata<\/strong>: il nostro team \u00e8 sempre a disposizione per consigliarvi.<\/li>\n\n\n\n<li><strong>Ampia scelta<\/strong>: troverete integratori per ogni esigenza e preferenza.<\/li>\n<\/ul>\n\n\n\n<p>Non lasciate che le carenze vi fermino! Venite a trovarci e scoprite come possiamo aiutarvi a sentirvi al meglio! \ud83c\udf08\ud83d\ude0a<\/p>\n\n\n\n<p>\ud83d\udc49 <strong>Visitateci su <a href=\"http:\/\/www.FarmaciaTacconi.it\">www.FarmaciaTacconi.it<\/a> o venite direttamente in farmacia!<\/strong> Siamo qui per voi!<\/p>\n\n\n\n<p>#FarmaciaTacconi #Salute #Benessere #Vitamins #Integratori #CambiamentoDiStagione #Finocchio #Casilina #SaluteNaturale #Prevenzione \ud83c\udf3f\ud83d\udc96<\/p>\n\n\n\n<hr class=\"wp-block-separator has-css-opacity\"\/>\n\n\n<ul class=\"wp-block-latest-posts__list is-grid columns-3 has-author aligncenter wp-block-latest-posts\"><li><div class=\"wp-block-latest-posts__featured-image aligncenter\"><img decoding=\"async\" width=\"150\" height=\"150\" src=\"https:\/\/www.farmaciatacconi.it\/cms2\/wp-content\/uploads\/2026\/04\/87587487587-150x150.jpg\" class=\"attachment-thumbnail size-thumbnail wp-post-image\" alt=\"\" style=\"\" srcset=\"https:\/\/www.farmaciatacconi.it\/cms2\/wp-content\/uploads\/2026\/04\/87587487587-150x150.jpg 150w, https:\/\/www.farmaciatacconi.it\/cms2\/wp-content\/uploads\/2026\/04\/87587487587-300x300.jpg 300w\" sizes=\"(max-width: 150px) 100vw, 150px\" \/><\/div><a class=\"wp-block-latest-posts__post-title\" href=\"https:\/\/www.farmaciatacconi.it\/cms2\/2026\/04\/30\/%f0%9f%91%a7-offerta-su-bioscalin-fino-a-20e-di-sconto-%f0%9f%91%8d\/\">\ud83d\udc67 OFFERTA su BIOSCALIN fino a 20\u20ac di SCONTO \ud83d\udc4d<\/a><div class=\"wp-block-latest-posts__post-author\">di Farmacia Tacconi<\/div><div class=\"wp-block-latest-posts__post-excerpt\">\u2728 Da 35 anni #Bioscalin si prende cura dei tuoi #capelli con ricerca e innovazione costante,&hellip;<\/div><\/li>\n<li><div class=\"wp-block-latest-posts__featured-image aligncenter\"><img decoding=\"async\" width=\"150\" height=\"150\" src=\"https:\/\/www.farmaciatacconi.it\/cms2\/wp-content\/uploads\/2026\/04\/895942589-150x150.jpg\" class=\"attachment-thumbnail size-thumbnail wp-post-image\" alt=\"\" style=\"\" srcset=\"https:\/\/www.farmaciatacconi.it\/cms2\/wp-content\/uploads\/2026\/04\/895942589-150x150.jpg 150w, https:\/\/www.farmaciatacconi.it\/cms2\/wp-content\/uploads\/2026\/04\/895942589-300x300.jpg 300w\" sizes=\"(max-width: 150px) 100vw, 150px\" \/><\/div><a class=\"wp-block-latest-posts__post-title\" href=\"https:\/\/www.farmaciatacconi.it\/cms2\/2026\/04\/29\/%e2%9c%85-somatoline-nuova-nuova-linea-deodoranti-somatolineskinexpert-%e2%9c%a8\/\">\u2705 SOMATOLINE: NUOVA linea deodoranti #SomatolineSkinExpert! \u2728<\/a><div class=\"wp-block-latest-posts__post-author\">di Farmacia Tacconi<\/div><div class=\"wp-block-latest-posts__post-excerpt\">Informiamo i gentili clienti che nella nostra \ud83d\udc99#FarmaciaTacconi\ud83d\udc99 in zona #Finocchio, #ViadiPrataporci e #ViaCasilina \u00e8 arrivata&hellip;<\/div><\/li>\n<li><div class=\"wp-block-latest-posts__featured-image aligncenter\"><img decoding=\"async\" width=\"150\" height=\"150\" src=\"https:\/\/www.farmaciatacconi.it\/cms2\/wp-content\/uploads\/2026\/04\/59349854859-150x150.jpg\" class=\"attachment-thumbnail size-thumbnail wp-post-image\" alt=\"\" style=\"\" srcset=\"https:\/\/www.farmaciatacconi.it\/cms2\/wp-content\/uploads\/2026\/04\/59349854859-150x150.jpg 150w, https:\/\/www.farmaciatacconi.it\/cms2\/wp-content\/uploads\/2026\/04\/59349854859-300x300.jpg 300w\" sizes=\"(max-width: 150px) 100vw, 150px\" \/><\/div><a class=\"wp-block-latest-posts__post-title\" href=\"https:\/\/www.farmaciatacconi.it\/cms2\/2026\/04\/24\/%f0%9f%92%a1-offerta-vichy-8e-di-sconto-immediato\/\">\ud83d\udca1 OFFERTA VICHY\u00ae: 8\u20ac di SCONTO immediato!<\/a><div class=\"wp-block-latest-posts__post-author\">di Farmacia Tacconi<\/div><div class=\"wp-block-latest-posts__post-excerpt\">Vieni a trovarci in \ud83d\udc99#FarmaciaTacconi\ud83d\udc99 in zona #Finocchio #ViadiPrataporci #ViaCasilina per la grande offerta del prestigioso&hellip;<\/div><\/li>\n<li><div class=\"wp-block-latest-posts__featured-image aligncenter\"><img loading=\"lazy\" decoding=\"async\" width=\"150\" height=\"150\" src=\"https:\/\/www.farmaciatacconi.it\/cms2\/wp-content\/uploads\/2026\/04\/immagine-150x150.png\" class=\"attachment-thumbnail size-thumbnail wp-post-image\" alt=\"\" style=\"\" srcset=\"https:\/\/www.farmaciatacconi.it\/cms2\/wp-content\/uploads\/2026\/04\/immagine-150x150.png 150w, https:\/\/www.farmaciatacconi.it\/cms2\/wp-content\/uploads\/2026\/04\/immagine-300x300.png 300w\" sizes=\"(max-width: 150px) 100vw, 150px\" \/><\/div><a class=\"wp-block-latest-posts__post-title\" href=\"https:\/\/www.farmaciatacconi.it\/cms2\/2026\/04\/22\/%f0%9f%92%84evento-22-aprile-makeup-professionale-in-farmacia-%f0%9f%92%96-non-mancare\/\">\ud83d\udc84EVENTO 22 APRILE #MAKEUP PROFESSIONALE IN FARMACIA! \ud83d\udc96 Non mancare!<\/a><div class=\"wp-block-latest-posts__post-author\">di Farmacia Tacconi<\/div><div class=\"wp-block-latest-posts__post-excerpt\">Oggi 22 Aprile in \ud83d\udc99 #FarmaciaTacconi \ud83d\udc99 in zona #Finocchio #ViadiPrataporci #ViaCasilina siete invitat\u0259 per il&hellip;<\/div><\/li>\n<li><div class=\"wp-block-latest-posts__featured-image aligncenter\"><img loading=\"lazy\" decoding=\"async\" width=\"150\" height=\"150\" src=\"https:\/\/www.farmaciatacconi.it\/cms2\/wp-content\/uploads\/2026\/04\/54985943895-150x150.jpg\" class=\"attachment-thumbnail size-thumbnail wp-post-image\" alt=\"\" style=\"\" srcset=\"https:\/\/www.farmaciatacconi.it\/cms2\/wp-content\/uploads\/2026\/04\/54985943895-150x150.jpg 150w, https:\/\/www.farmaciatacconi.it\/cms2\/wp-content\/uploads\/2026\/04\/54985943895-300x300.jpg 300w\" sizes=\"(max-width: 150px) 100vw, 150px\" \/><\/div><a class=\"wp-block-latest-posts__post-title\" href=\"https:\/\/www.farmaciatacconi.it\/cms2\/2026\/04\/20\/%f0%9f%9f%a2-evento-22-aprile-makeup-%f0%9f%92%84professionale-in-farmacia-%f0%9f%92%96-non-mancare\/\">\ud83d\udfe2 EVENTO 22 APRILE #MAKEUP \ud83d\udc84PROFESSIONALE IN FARMACIA! \ud83d\udc96 Non mancare!<\/a><div class=\"wp-block-latest-posts__post-author\">di Farmacia Tacconi<\/div><div class=\"wp-block-latest-posts__post-excerpt\">Il 22 Aprile in \ud83d\udc99 #FarmaciaTacconi \ud83d\udc99 in zona #Finocchio #ViadiPrataporci #ViaCasilina siete invitat\u0259 per il&hellip;<\/div><\/li>\n<li><div class=\"wp-block-latest-posts__featured-image aligncenter\"><img loading=\"lazy\" decoding=\"async\" width=\"150\" height=\"150\" src=\"https:\/\/www.farmaciatacconi.it\/cms2\/wp-content\/uploads\/2026\/04\/498259458-150x150.jpg\" class=\"attachment-thumbnail size-thumbnail wp-post-image\" alt=\"\" style=\"\" srcset=\"https:\/\/www.farmaciatacconi.it\/cms2\/wp-content\/uploads\/2026\/04\/498259458-150x150.jpg 150w, https:\/\/www.farmaciatacconi.it\/cms2\/wp-content\/uploads\/2026\/04\/498259458-300x300.jpg 300w\" sizes=\"(max-width: 150px) 100vw, 150px\" \/><\/div><a class=\"wp-block-latest-posts__post-title\" href=\"https:\/\/www.farmaciatacconi.it\/cms2\/2026\/04\/17\/dolomia%f0%9f%92%84-30-subito-sui-fondotinta-per-una-base-perfetta\/\">Dolomia\ud83d\udc84: -30% SUBITO sui #fondotinta per una base perfetta!<\/a><div class=\"wp-block-latest-posts__post-author\">di Farmacia Tacconi<\/div><div class=\"wp-block-latest-posts__post-excerpt\">Presso la nostra #FarmaciaTacconi a #Finocchio lungo la storica #ViaCasilina, siamo felici di annunciare una grande&hellip;<\/div><\/li>\n<\/ul>\n\n\n<hr class=\"wp-block-separator has-css-opacity\"\/>\n\n\n\n<h3 class=\"wp-block-heading has-text-align-center\">\ud83d\udc99 <strong><a href=\"http:\/\/www.farmaciatacconi.it\">FARMACIA TACCONI<\/a><\/strong> \ud83d\udc99<\/h3>\n\n\n\n<h3 class=\"wp-block-heading has-text-align-center\">= <em>La <a href=\"http:\/\/www.farmaciatacconi.it\">Farmacia<\/a> di fiducia del TUO quartiere<\/em> =<\/h3>\n\n\n\n<p class=\"has-text-align-center\">[U<em>nica Sede \u2013 Farmacia di Turno Aperta \u2013 <strong>Oltre 250 MQ di esposizione<\/strong> \u2013 Zona Finocchio Borghesiana]<\/em><\/p>\n\n\n\n<p class=\"has-text-align-center\">\ud83e\udded <strong>Via di Prataporci n.4 \u2013 00132 ROMA<\/strong><\/p>\n\n\n\n<p class=\"has-text-align-center\"><em>[Incrocio lungo la Via Casilina]<\/em><br><br>\ud83d\udd17 http:\/\/<a href=\"http:\/\/www.farmaciatacconi.it\">www.farmaciatacconi.it<\/a><br>\u2709\ufe0f <a href=\"mailto:info@farmaciatacconi.it\">info@farmaciatacconi.it<\/a><br>\ud83d\udcde <strong>06 207 60 354<\/strong><br><br><a href=\"https:\/\/t.me\/farmaciatacconi\">Iscriviti ORA gratis<\/a> sul Canale <strong>Telegram <\/strong>della Farmacia:<br><br>\ud83d\udd11 <a href=\"https:\/\/t.me\/farmaciatacconi\">https:\/\/t.me\/farmaciatacconi<\/a><\/p>\n","protected":false},"excerpt":{"rendered":"<p>Con l&#8217;arrivo del cambio di stagione, \u00e8 fondamentale prestare attenzione alla nostra #salute! \ud83c\udf42\ud83c\udf43 Durante questi periodi, il nostro #corpo pu\u00f2 risentire di carenze di #vitamine e #nutrienti essenziali, portando a stanchezza, #debolezza e un sistema #immunitario meno reattivo. \ud83d\ude37\ud83d\udca4 Le vitamine e i minerali sono fondamentali per il nostro benessere: aiutano a mantenere alta&hellip;<\/p>\n","protected":false},"author":1,"featured_media":5035,"comment_status":"closed","ping_status":"closed","sticky":false,"template":"","format":"standard","meta":{"jetpack_post_was_ever_published":false,"_jetpack_newsletter_access":"","_jetpack_dont_email_post_to_subs":false,"_jetpack_newsletter_tier_id":0,"_jetpack_memberships_contains_paywalled_content":false,"_jetpack_memberships_contains_paid_content":false,"footnotes":"","jetpack_publicize_message":"","jetpack_publicize_feature_enabled":true,"jetpack_social_post_already_shared":true,"jetpack_social_options":{"image_generator_settings":{"template":"highway","default_image_id":0,"font":"","enabled":false},"version":2}},"categories":[13,3],"tags":[1350,21,209,1346,22,1349,117,1347,25],"class_list":["post-5033","post","type-post","status-publish","format-standard","has-post-thumbnail","hentry","category-informative","category-news","tag-cambio-stagione","tag-integratori","tag-omega-3","tag-rinforzo","tag-salute","tag-sideremia","tag-vitamina-c","tag-vitamina-d","tag-vitamine"],"jetpack_publicize_connections":[],"jetpack_featured_media_url":"https:\/\/www.farmaciatacconi.it\/cms2\/wp-content\/uploads\/2025\/03\/954859843.jpg","jetpack_sharing_enabled":true,"jetpack_likes_enabled":true,"jetpack-related-posts":[{"id":5040,"url":"https:\/\/www.farmaciatacconi.it\/cms2\/2025\/03\/19\/%e2%9c%85-%f0%9f%8c%9f-affrontiamo-insieme-i-problemi-di-salute-comuni-%f0%9f%8c%9f\/","url_meta":{"origin":5033,"position":0},"title":"\u2705 \ud83c\udf1f Affrontiamo Insieme i Problemi di Salute Comuni! \ud83c\udf1f","author":"Farmacia Tacconi","date":"Mer 19\/03\/2025","format":false,"excerpt":"Ciao a tutti! \ud83d\udc4b Da #FarmaciaTacconi.it, situata a #Finocchio lungo la #viaCasilina, vogliamo parlarvi di alcuni #problemi di salute pratici che possono colpire tutti noi e come affrontarli al meglio! \ud83c\udfe5\ud83d\udc8a La #salute \u00e8 un bene prezioso e prendersene #cura \u00e8 fondamentale per #vivere al meglio ogni giorno. \ud83c\udf08\u2728 Siamo\u2026","rel":"","context":"In &quot;I Consigli del Tuo Farmacista&quot;","block_context":{"text":"I Consigli del Tuo Farmacista","link":"https:\/\/www.farmaciatacconi.it\/cms2\/category\/informative\/"},"img":{"alt_text":"","src":"https:\/\/i0.wp.com\/www.farmaciatacconi.it\/cms2\/wp-content\/uploads\/2025\/03\/983494398.jpg?resize=350%2C200&ssl=1","width":350,"height":200,"srcset":"https:\/\/i0.wp.com\/www.farmaciatacconi.it\/cms2\/wp-content\/uploads\/2025\/03\/983494398.jpg?resize=350%2C200&ssl=1 1x, https:\/\/i0.wp.com\/www.farmaciatacconi.it\/cms2\/wp-content\/uploads\/2025\/03\/983494398.jpg?resize=525%2C300&ssl=1 1.5x, https:\/\/i0.wp.com\/www.farmaciatacconi.it\/cms2\/wp-content\/uploads\/2025\/03\/983494398.jpg?resize=700%2C400&ssl=1 2x, https:\/\/i0.wp.com\/www.farmaciatacconi.it\/cms2\/wp-content\/uploads\/2025\/03\/983494398.jpg?resize=1050%2C600&ssl=1 3x, https:\/\/i0.wp.com\/www.farmaciatacconi.it\/cms2\/wp-content\/uploads\/2025\/03\/983494398.jpg?resize=1400%2C800&ssl=1 4x"},"classes":[]},{"id":4240,"url":"https:\/\/www.farmaciatacconi.it\/cms2\/2023\/06\/28\/%e2%9c%85-ecco-perche-con-il-caldo-e-importante-integrare-i-sali-minerali-e-le-vitamine\/","url_meta":{"origin":5033,"position":1},"title":"\u2705 Ecco perch\u00e9 con il caldo \u00e8 importante integrare i sali minerali e le vitamine","author":"Farmacia Tacconi","date":"Mer 28\/06\/2023","format":false,"excerpt":"L'#estate \u00e8 una #stagione amata da molti, ma il #caldo e l'#afa possono mettere a dura prova il nostro corpo. Con le temperature che raggiungono livelli elevati, \u00e8 fondamentale prendersi cura della propria salute e fornire al #corpo i #nutrienti necessari per affrontare al meglio questa #stagione. Uno dei modi\u2026","rel":"","context":"In &quot;I Consigli del Tuo Farmacista&quot;","block_context":{"text":"I Consigli del Tuo Farmacista","link":"https:\/\/www.farmaciatacconi.it\/cms2\/category\/informative\/"},"img":{"alt_text":"","src":"https:\/\/i0.wp.com\/www.farmaciatacconi.it\/cms2\/wp-content\/uploads\/2023\/06\/39493284.jpg?resize=350%2C200&ssl=1","width":350,"height":200,"srcset":"https:\/\/i0.wp.com\/www.farmaciatacconi.it\/cms2\/wp-content\/uploads\/2023\/06\/39493284.jpg?resize=350%2C200&ssl=1 1x, https:\/\/i0.wp.com\/www.farmaciatacconi.it\/cms2\/wp-content\/uploads\/2023\/06\/39493284.jpg?resize=525%2C300&ssl=1 1.5x, https:\/\/i0.wp.com\/www.farmaciatacconi.it\/cms2\/wp-content\/uploads\/2023\/06\/39493284.jpg?resize=700%2C400&ssl=1 2x, https:\/\/i0.wp.com\/www.farmaciatacconi.it\/cms2\/wp-content\/uploads\/2023\/06\/39493284.jpg?resize=1050%2C600&ssl=1 3x, https:\/\/i0.wp.com\/www.farmaciatacconi.it\/cms2\/wp-content\/uploads\/2023\/06\/39493284.jpg?resize=1400%2C800&ssl=1 4x"},"classes":[]},{"id":5010,"url":"https:\/\/www.farmaciatacconi.it\/cms2\/2025\/02\/19\/%e2%9c%85-%f0%9f%8c%9f-affronta-linverno-con-energia-e-vitalita-%f0%9f%8c%9f\/","url_meta":{"origin":5033,"position":2},"title":"\u2705 \ud83c\udf1f Affronta l&#8217;Inverno con Energia e Vitalit\u00e0! \ud83c\udf1f","author":"Farmacia Tacconi","date":"Mer 19\/02\/2025","format":false,"excerpt":"Proprio durante l'#inverno il nostro corpo ha bisogno di un supporto extra per affrontare le sfide della #stagione fredda. \u2744\ufe0f\ud83d\udcaa \u00c8 il momento perfetto per integrare la #VitaminaC e la #VitaminaB12 nella tua routine quotidiana della #salute! In questo periodo dell'anno, infatti, \u00e8 facile sentirsi gi\u00f9 di tono e affaticati.\u2026","rel":"","context":"In &quot;I Consigli del Tuo Farmacista&quot;","block_context":{"text":"I Consigli del Tuo Farmacista","link":"https:\/\/www.farmaciatacconi.it\/cms2\/category\/informative\/"},"img":{"alt_text":"","src":"https:\/\/i0.wp.com\/www.farmaciatacconi.it\/cms2\/wp-content\/uploads\/2025\/02\/45954935.jpg?resize=350%2C200&ssl=1","width":350,"height":200,"srcset":"https:\/\/i0.wp.com\/www.farmaciatacconi.it\/cms2\/wp-content\/uploads\/2025\/02\/45954935.jpg?resize=350%2C200&ssl=1 1x, https:\/\/i0.wp.com\/www.farmaciatacconi.it\/cms2\/wp-content\/uploads\/2025\/02\/45954935.jpg?resize=525%2C300&ssl=1 1.5x, https:\/\/i0.wp.com\/www.farmaciatacconi.it\/cms2\/wp-content\/uploads\/2025\/02\/45954935.jpg?resize=700%2C400&ssl=1 2x, https:\/\/i0.wp.com\/www.farmaciatacconi.it\/cms2\/wp-content\/uploads\/2025\/02\/45954935.jpg?resize=1050%2C600&ssl=1 3x, https:\/\/i0.wp.com\/www.farmaciatacconi.it\/cms2\/wp-content\/uploads\/2025\/02\/45954935.jpg?resize=1400%2C800&ssl=1 4x"},"classes":[]},{"id":4622,"url":"https:\/\/www.farmaciatacconi.it\/cms2\/2024\/02\/20\/%e2%9c%85-ecco-come-affrontare-i-traumi-della-pelle-nei-cambi-di-stagione\/","url_meta":{"origin":5033,"position":3},"title":"\u2705 Ecco come affrontare i traumi della pelle nei cambi di stagione","author":"Farmacia Tacconi","date":"Mar 20\/02\/2024","format":false,"excerpt":"Con l'arrivo della #primavera, molti di noi iniziano a sentire i primi segni di cambiamento nella #pelle. Il passaggio dall'inverno alla primavera pu\u00f2 portare con s\u00e9 una serie di #traumi #cutanei, causati principalmente dalle variazioni #climatiche e #ambientali. La pelle, che \u00e8 l'organo pi\u00f9 grande del #corpo #umano, pu\u00f2 subire\u2026","rel":"","context":"In &quot;I Consigli del Tuo Farmacista&quot;","block_context":{"text":"I Consigli del Tuo Farmacista","link":"https:\/\/www.farmaciatacconi.it\/cms2\/category\/informative\/"},"img":{"alt_text":"","src":"https:\/\/i0.wp.com\/www.farmaciatacconi.it\/cms2\/wp-content\/uploads\/2024\/02\/38498328432.jpg?resize=350%2C200&ssl=1","width":350,"height":200,"srcset":"https:\/\/i0.wp.com\/www.farmaciatacconi.it\/cms2\/wp-content\/uploads\/2024\/02\/38498328432.jpg?resize=350%2C200&ssl=1 1x, https:\/\/i0.wp.com\/www.farmaciatacconi.it\/cms2\/wp-content\/uploads\/2024\/02\/38498328432.jpg?resize=525%2C300&ssl=1 1.5x, https:\/\/i0.wp.com\/www.farmaciatacconi.it\/cms2\/wp-content\/uploads\/2024\/02\/38498328432.jpg?resize=700%2C400&ssl=1 2x, https:\/\/i0.wp.com\/www.farmaciatacconi.it\/cms2\/wp-content\/uploads\/2024\/02\/38498328432.jpg?resize=1050%2C600&ssl=1 3x, https:\/\/i0.wp.com\/www.farmaciatacconi.it\/cms2\/wp-content\/uploads\/2024\/02\/38498328432.jpg?resize=1400%2C800&ssl=1 4x"},"classes":[]},{"id":3509,"url":"https:\/\/www.farmaciatacconi.it\/cms2\/2022\/05\/03\/ecco-perche-%e2%84%b9%ef%b8%8f-gli-integratori-sono-fondamentali-per-la-salute-dei-nostri-%f0%9f%91%81-occhi\/","url_meta":{"origin":5033,"position":4},"title":"Ecco perch\u00e9 \u2139\ufe0f gli Integratori sono fondamentali per la salute dei nostri \ud83d\udc41 Occhi","author":"Farmacia Tacconi","date":"Mar 03\/05\/2022","format":false,"excerpt":"I nostri occhi risentono, per la loro natura delicata e complessa, dei danni causati dallo stress e dagli sforzi eccessivi, e questo a volte molto pi\u00f9 di altre parti del corpo. Per ridurre i danni da stress ossidativo, supportare la funzionalit\u00e0 visiva e sviluppare una prevenzione efficace delle patologie dell'occhio,\u2026","rel":"","context":"In &quot;I Consigli del Tuo Farmacista&quot;","block_context":{"text":"I Consigli del Tuo Farmacista","link":"https:\/\/www.farmaciatacconi.it\/cms2\/category\/informative\/"},"img":{"alt_text":"Photo by Elizaveta Dushechkina from Pexels","src":"https:\/\/i0.wp.com\/www.farmaciatacconi.it\/cms2\/wp-content\/uploads\/2022\/05\/occhi_003_farmacia_tacconi.jpg?resize=350%2C200&ssl=1","width":350,"height":200,"srcset":"https:\/\/i0.wp.com\/www.farmaciatacconi.it\/cms2\/wp-content\/uploads\/2022\/05\/occhi_003_farmacia_tacconi.jpg?resize=350%2C200&ssl=1 1x, https:\/\/i0.wp.com\/www.farmaciatacconi.it\/cms2\/wp-content\/uploads\/2022\/05\/occhi_003_farmacia_tacconi.jpg?resize=525%2C300&ssl=1 1.5x, https:\/\/i0.wp.com\/www.farmaciatacconi.it\/cms2\/wp-content\/uploads\/2022\/05\/occhi_003_farmacia_tacconi.jpg?resize=700%2C400&ssl=1 2x, https:\/\/i0.wp.com\/www.farmaciatacconi.it\/cms2\/wp-content\/uploads\/2022\/05\/occhi_003_farmacia_tacconi.jpg?resize=1050%2C600&ssl=1 3x, https:\/\/i0.wp.com\/www.farmaciatacconi.it\/cms2\/wp-content\/uploads\/2022\/05\/occhi_003_farmacia_tacconi.jpg?resize=1400%2C800&ssl=1 4x"},"classes":[]},{"id":4447,"url":"https:\/\/www.farmaciatacconi.it\/cms2\/2023\/10\/31\/%e2%9c%85-potenzia-le-tue-difese-per-affrontare-linverno-gli-integratori-come-alleati-nella-stagione-fredda\/","url_meta":{"origin":5033,"position":5},"title":"\u2705 Potenzia le tue Difese per affrontare l&#8217;Inverno: gli Integratori come alleati nella Stagione Fredda","author":"Farmacia Tacconi","date":"Mar 31\/10\/2023","format":false,"excerpt":"Con l'arrivo della stagione #invernale, le giornate pi\u00f9 corte e il #climafreddo, \u00e8 essenziale preparare il nostro #organismo a fronteggiare le sfide che l'inverno porta con s\u00e9. Un modo efficace per rinforzare le #difese del nostro #corpo \u00e8 attraverso l'uso strategico di #integratori. Nel corso dell'autunno e dell'inverno, il rischio\u2026","rel":"","context":"In &quot;I Consigli del Tuo Farmacista&quot;","block_context":{"text":"I Consigli del Tuo Farmacista","link":"https:\/\/www.farmaciatacconi.it\/cms2\/category\/informative\/"},"img":{"alt_text":"","src":"https:\/\/i0.wp.com\/www.farmaciatacconi.it\/cms2\/wp-content\/uploads\/2023\/10\/2842854534822.jpg?resize=350%2C200&ssl=1","width":350,"height":200,"srcset":"https:\/\/i0.wp.com\/www.farmaciatacconi.it\/cms2\/wp-content\/uploads\/2023\/10\/2842854534822.jpg?resize=350%2C200&ssl=1 1x, https:\/\/i0.wp.com\/www.farmaciatacconi.it\/cms2\/wp-content\/uploads\/2023\/10\/2842854534822.jpg?resize=525%2C300&ssl=1 1.5x, https:\/\/i0.wp.com\/www.farmaciatacconi.it\/cms2\/wp-content\/uploads\/2023\/10\/2842854534822.jpg?resize=700%2C400&ssl=1 2x, https:\/\/i0.wp.com\/www.farmaciatacconi.it\/cms2\/wp-content\/uploads\/2023\/10\/2842854534822.jpg?resize=1050%2C600&ssl=1 3x, https:\/\/i0.wp.com\/www.farmaciatacconi.it\/cms2\/wp-content\/uploads\/2023\/10\/2842854534822.jpg?resize=1400%2C800&ssl=1 4x"},"classes":[]}],"_links":{"self":[{"href":"https:\/\/www.farmaciatacconi.it\/cms2\/wp-json\/wp\/v2\/posts\/5033","targetHints":{"allow":["GET"]}}],"collection":[{"href":"https:\/\/www.farmaciatacconi.it\/cms2\/wp-json\/wp\/v2\/posts"}],"about":[{"href":"https:\/\/www.farmaciatacconi.it\/cms2\/wp-json\/wp\/v2\/types\/post"}],"author":[{"embeddable":true,"href":"https:\/\/www.farmaciatacconi.it\/cms2\/wp-json\/wp\/v2\/users\/1"}],"replies":[{"embeddable":true,"href":"https:\/\/www.farmaciatacconi.it\/cms2\/wp-json\/wp\/v2\/comments?post=5033"}],"version-history":[{"count":1,"href":"https:\/\/www.farmaciatacconi.it\/cms2\/wp-json\/wp\/v2\/posts\/5033\/revisions"}],"predecessor-version":[{"id":5034,"href":"https:\/\/www.farmaciatacconi.it\/cms2\/wp-json\/wp\/v2\/posts\/5033\/revisions\/5034"}],"wp:featuredmedia":[{"embeddable":true,"href":"https:\/\/www.farmaciatacconi.it\/cms2\/wp-json\/wp\/v2\/media\/5035"}],"wp:attachment":[{"href":"https:\/\/www.farmaciatacconi.it\/cms2\/wp-json\/wp\/v2\/media?parent=5033"}],"wp:term":[{"taxonomy":"category","embeddable":true,"href":"https:\/\/www.farmaciatacconi.it\/cms2\/wp-json\/wp\/v2\/categories?post=5033"},{"taxonomy":"post_tag","embeddable":true,"href":"https:\/\/www.farmaciatacconi.it\/cms2\/wp-json\/wp\/v2\/tags?post=5033"}],"curies":[{"name":"wp","href":"https:\/\/api.w.org\/{rel}","templated":true}]}}