{"id":4904,"date":"2024-10-14T09:00:00","date_gmt":"2024-10-14T07:00:00","guid":{"rendered":"https:\/\/www.farmaciatacconi.it\/cms2\/?p=4904"},"modified":"2024-10-13T14:58:55","modified_gmt":"2024-10-13T12:58:55","slug":"%f0%9f%92%a1-domani-evento-vichy-in-farmacia-15-10-24-otterrete-il-20-di-sconto","status":"publish","type":"post","link":"https:\/\/www.farmaciatacconi.it\/cms2\/2024\/10\/14\/%f0%9f%92%a1-domani-evento-vichy-in-farmacia-15-10-24-otterrete-il-20-di-sconto\/","title":{"rendered":"\ud83d\udca1 DOMANI EVENTO VICHY\u00ae in Farmacia 15\/10\/24: otterrete il 20% di SCONTO!"},"content":{"rendered":"\n<p class=\"has-text-align-justify\">\ud83d\udca1 Informiamo che domani marted\u00ec 15 ottobre <strong>nella nostra <\/strong>\ud83d\udc99#<strong>Farmacia<\/strong>\ud83d\udc99 in zona #Finocchio #ViadiPrataporci #viacasilina <strong>sar\u00e0 presente una consulente di bellezza del prestigioso marchio #VICHY<\/strong> che vi far\u00e0 testare dal vivo i prodotti. Venite subito in Farmacia per testare la qualit\u00e0 superiore dei prodotti <strong>VICHY<\/strong> ed usufruire della favolosa offerta a tempo che rimarr\u00e0 valida solo fino ad esaurimento scorte e prodotti messi a disposizione dal marchio:<strong> <span style=\"text-decoration: underline;\">sconti del => 20% subito alla cassa per l&#8217;acquisto dei prodotti Vichy delle linee VISO e CAPELLI!<\/span><\/strong><\/p>\n\n\n\n<h2 class=\"wp-block-heading has-text-align-center\"><a href=\"https:\/\/www.farmaciatacconi.it\/cms2\/contattaci\/\" data-type=\"page\" data-id=\"73\">PRENOTATE SUBITO<\/a> \u26a1\ufe0f in Farmacia, i posti sono limitati!<\/h2>\n\n\n\n<h3 class=\"wp-block-heading has-text-align-center\">Scegli il tuo PROTOCOLLO di bellezza VICHY <a href=\"https:\/\/www.farmaciatacconi.it\/cms2\/contattaci\/\" data-type=\"page\" data-id=\"73\">PRENOTA ORA<\/a> o <a href=\"https:\/\/www.farmaciatacconi.it\/cms2\/contattaci\/\" data-type=\"page\" data-id=\"73\">CONTATTACI<\/a> subito.<\/h3>\n\n\n\n<h5 class=\"wp-block-heading has-black-color has-electric-grass-gradient-background has-text-color has-background\"><strong>L\u2019offerta \u00e8 valida solo fino ad esaurimento scorte,<\/strong> invitiamo pertanto a venire in farmacia o <a href=\"https:\/\/www.farmaciatacconi.it\/cms2\/contattaci\/\">contattarci prontamente<\/a> per la <a href=\"https:\/\/www.farmaciatacconi.it\/cms2\/contattaci\/\">prenotazione<\/a>, <strong>segnalando di aver visto tale offerta sul Web<\/strong> per poter usufruire dello sconto speciale<\/h5>\n\n\n\n<h4 class=\"wp-block-heading has-text-align-center has-black-color has-blush-light-purple-gradient-background has-text-color has-background\">Venite subito in farmacia o <a href=\"https:\/\/www.farmaciatacconi.it\/cms2\/contattaci\/\" data-type=\"page\" data-id=\"73\">contattateci<\/a> per un consulto e cercare il farmaco di cui avete bisogno<\/h4>\n\n\n\n<hr class=\"wp-block-separator has-css-opacity\"\/>\n\n\n<ul class=\"wp-block-latest-posts__list is-grid columns-3 has-dates wp-block-latest-posts\"><li><div class=\"wp-block-latest-posts__featured-image aligncenter\"><img decoding=\"async\" width=\"150\" height=\"150\" src=\"https:\/\/www.farmaciatacconi.it\/cms2\/wp-content\/uploads\/2026\/04\/87587487587-150x150.jpg\" class=\"attachment-thumbnail size-thumbnail wp-post-image\" alt=\"\" style=\"\" srcset=\"https:\/\/www.farmaciatacconi.it\/cms2\/wp-content\/uploads\/2026\/04\/87587487587-150x150.jpg 150w, https:\/\/www.farmaciatacconi.it\/cms2\/wp-content\/uploads\/2026\/04\/87587487587-300x300.jpg 300w\" sizes=\"(max-width: 150px) 100vw, 150px\" \/><\/div><a class=\"wp-block-latest-posts__post-title\" href=\"https:\/\/www.farmaciatacconi.it\/cms2\/2026\/04\/30\/%f0%9f%91%a7-offerta-su-bioscalin-fino-a-20e-di-sconto-%f0%9f%91%8d\/\">\ud83d\udc67 OFFERTA su BIOSCALIN fino a 20\u20ac di SCONTO \ud83d\udc4d<\/a><time datetime=\"2026-04-30T09:00:00+02:00\" class=\"wp-block-latest-posts__post-date\">Gio 30\/04\/2026<\/time><div class=\"wp-block-latest-posts__post-excerpt\">\u2728 Da 35 anni #Bioscalin si prende cura dei tuoi #capelli con&hellip;<\/div><\/li>\n<li><div class=\"wp-block-latest-posts__featured-image aligncenter\"><img decoding=\"async\" width=\"150\" height=\"150\" src=\"https:\/\/www.farmaciatacconi.it\/cms2\/wp-content\/uploads\/2026\/04\/895942589-150x150.jpg\" class=\"attachment-thumbnail size-thumbnail wp-post-image\" alt=\"\" style=\"\" srcset=\"https:\/\/www.farmaciatacconi.it\/cms2\/wp-content\/uploads\/2026\/04\/895942589-150x150.jpg 150w, https:\/\/www.farmaciatacconi.it\/cms2\/wp-content\/uploads\/2026\/04\/895942589-300x300.jpg 300w\" sizes=\"(max-width: 150px) 100vw, 150px\" \/><\/div><a class=\"wp-block-latest-posts__post-title\" href=\"https:\/\/www.farmaciatacconi.it\/cms2\/2026\/04\/29\/%e2%9c%85-somatoline-nuova-nuova-linea-deodoranti-somatolineskinexpert-%e2%9c%a8\/\">\u2705 SOMATOLINE: NUOVA linea deodoranti #SomatolineSkinExpert! \u2728<\/a><time datetime=\"2026-04-29T09:00:00+02:00\" class=\"wp-block-latest-posts__post-date\">Mer 29\/04\/2026<\/time><div class=\"wp-block-latest-posts__post-excerpt\">Informiamo i gentili clienti che nella nostra \ud83d\udc99#FarmaciaTacconi\ud83d\udc99 in zona #Finocchio, #ViadiPrataporci&hellip;<\/div><\/li>\n<li><div class=\"wp-block-latest-posts__featured-image aligncenter\"><img decoding=\"async\" width=\"150\" height=\"150\" src=\"https:\/\/www.farmaciatacconi.it\/cms2\/wp-content\/uploads\/2026\/04\/59349854859-150x150.jpg\" class=\"attachment-thumbnail size-thumbnail wp-post-image\" alt=\"\" style=\"\" srcset=\"https:\/\/www.farmaciatacconi.it\/cms2\/wp-content\/uploads\/2026\/04\/59349854859-150x150.jpg 150w, https:\/\/www.farmaciatacconi.it\/cms2\/wp-content\/uploads\/2026\/04\/59349854859-300x300.jpg 300w\" sizes=\"(max-width: 150px) 100vw, 150px\" \/><\/div><a class=\"wp-block-latest-posts__post-title\" href=\"https:\/\/www.farmaciatacconi.it\/cms2\/2026\/04\/24\/%f0%9f%92%a1-offerta-vichy-8e-di-sconto-immediato\/\">\ud83d\udca1 OFFERTA VICHY\u00ae: 8\u20ac di SCONTO immediato!<\/a><time datetime=\"2026-04-24T09:37:36+02:00\" class=\"wp-block-latest-posts__post-date\">Ven 24\/04\/2026<\/time><div class=\"wp-block-latest-posts__post-excerpt\">Vieni a trovarci in \ud83d\udc99#FarmaciaTacconi\ud83d\udc99 in zona #Finocchio #ViadiPrataporci #ViaCasilina per la&hellip;<\/div><\/li>\n<li><div class=\"wp-block-latest-posts__featured-image aligncenter\"><img loading=\"lazy\" decoding=\"async\" width=\"150\" height=\"150\" src=\"https:\/\/www.farmaciatacconi.it\/cms2\/wp-content\/uploads\/2026\/04\/immagine-150x150.png\" class=\"attachment-thumbnail size-thumbnail wp-post-image\" alt=\"\" style=\"\" srcset=\"https:\/\/www.farmaciatacconi.it\/cms2\/wp-content\/uploads\/2026\/04\/immagine-150x150.png 150w, https:\/\/www.farmaciatacconi.it\/cms2\/wp-content\/uploads\/2026\/04\/immagine-300x300.png 300w\" sizes=\"(max-width: 150px) 100vw, 150px\" \/><\/div><a class=\"wp-block-latest-posts__post-title\" href=\"https:\/\/www.farmaciatacconi.it\/cms2\/2026\/04\/22\/%f0%9f%92%84evento-22-aprile-makeup-professionale-in-farmacia-%f0%9f%92%96-non-mancare\/\">\ud83d\udc84EVENTO 22 APRILE #MAKEUP PROFESSIONALE IN FARMACIA! \ud83d\udc96 Non mancare!<\/a><time datetime=\"2026-04-22T09:00:00+02:00\" class=\"wp-block-latest-posts__post-date\">Mer 22\/04\/2026<\/time><div class=\"wp-block-latest-posts__post-excerpt\">Oggi 22 Aprile in \ud83d\udc99 #FarmaciaTacconi \ud83d\udc99 in zona #Finocchio #ViadiPrataporci #ViaCasilina&hellip;<\/div><\/li>\n<li><div class=\"wp-block-latest-posts__featured-image aligncenter\"><img loading=\"lazy\" decoding=\"async\" width=\"150\" height=\"150\" src=\"https:\/\/www.farmaciatacconi.it\/cms2\/wp-content\/uploads\/2026\/04\/54985943895-150x150.jpg\" class=\"attachment-thumbnail size-thumbnail wp-post-image\" alt=\"\" style=\"\" srcset=\"https:\/\/www.farmaciatacconi.it\/cms2\/wp-content\/uploads\/2026\/04\/54985943895-150x150.jpg 150w, https:\/\/www.farmaciatacconi.it\/cms2\/wp-content\/uploads\/2026\/04\/54985943895-300x300.jpg 300w\" sizes=\"(max-width: 150px) 100vw, 150px\" \/><\/div><a class=\"wp-block-latest-posts__post-title\" href=\"https:\/\/www.farmaciatacconi.it\/cms2\/2026\/04\/20\/%f0%9f%9f%a2-evento-22-aprile-makeup-%f0%9f%92%84professionale-in-farmacia-%f0%9f%92%96-non-mancare\/\">\ud83d\udfe2 EVENTO 22 APRILE #MAKEUP \ud83d\udc84PROFESSIONALE IN FARMACIA! \ud83d\udc96 Non mancare!<\/a><time datetime=\"2026-04-20T09:00:00+02:00\" class=\"wp-block-latest-posts__post-date\">Lun 20\/04\/2026<\/time><div class=\"wp-block-latest-posts__post-excerpt\">Il 22 Aprile in \ud83d\udc99 #FarmaciaTacconi \ud83d\udc99 in zona #Finocchio #ViadiPrataporci #ViaCasilina&hellip;<\/div><\/li>\n<li><div class=\"wp-block-latest-posts__featured-image aligncenter\"><img loading=\"lazy\" decoding=\"async\" width=\"150\" height=\"150\" src=\"https:\/\/www.farmaciatacconi.it\/cms2\/wp-content\/uploads\/2026\/04\/498259458-150x150.jpg\" class=\"attachment-thumbnail size-thumbnail wp-post-image\" alt=\"\" style=\"\" srcset=\"https:\/\/www.farmaciatacconi.it\/cms2\/wp-content\/uploads\/2026\/04\/498259458-150x150.jpg 150w, https:\/\/www.farmaciatacconi.it\/cms2\/wp-content\/uploads\/2026\/04\/498259458-300x300.jpg 300w\" sizes=\"(max-width: 150px) 100vw, 150px\" \/><\/div><a class=\"wp-block-latest-posts__post-title\" href=\"https:\/\/www.farmaciatacconi.it\/cms2\/2026\/04\/17\/dolomia%f0%9f%92%84-30-subito-sui-fondotinta-per-una-base-perfetta\/\">Dolomia\ud83d\udc84: -30% SUBITO sui #fondotinta per una base perfetta!<\/a><time datetime=\"2026-04-17T09:00:00+02:00\" class=\"wp-block-latest-posts__post-date\">Ven 17\/04\/2026<\/time><div class=\"wp-block-latest-posts__post-excerpt\">Presso la nostra #FarmaciaTacconi a #Finocchio lungo la storica #ViaCasilina, siamo felici&hellip;<\/div><\/li>\n<\/ul>\n\n\n<hr class=\"wp-block-separator has-css-opacity\"\/>\n\n\n\n<p class=\"has-text-align-center\">#insiemecelapossiamofare #tuttoandr\u00e0bene<\/p>\n\n\n\n<h3 class=\"wp-block-heading has-text-align-center\">\ud83d\udc99 <strong><a href=\"http:\/\/www.farmaciatacconi.it\">FARMACIA TACCONI<\/a><\/strong> \ud83d\udc99<\/h3>\n\n\n\n<h3 class=\"wp-block-heading has-text-align-center\">= <em>La <a href=\"http:\/\/www.farmaciatacconi.it\">Farmacia<\/a> di fiducia del TUO quartiere<\/em> =<\/h3>\n\n\n\n<p class=\"has-text-align-center\">[U<em>nica Sede \u2013 Farmacia di Turno Aperta \u2013 <strong>Oltre 250 MQ di esposizione<\/strong> \u2013 Zona Finocchio Borghesiana]<\/em><\/p>\n\n\n\n<p>\ud83e\udded <strong>Via di Prataporci n.4 \u2013 00132 ROMA<\/strong><\/p>\n\n\n\n<p><em>[Incrocio lungo la Via Casilina]<\/em><br><br>\ud83d\udd17 http:\/\/<a href=\"http:\/\/www.farmaciatacconi.it\">www.farmaciatacconi.it<\/a><br>\u2709\ufe0f <a href=\"mailto:info@farmaciatacconi.it\">info@farmaciatacconi.it<\/a><br>\ud83d\udcde <strong>06 207 60 354<\/strong><br><br><a href=\"https:\/\/t.me\/farmaciatacconi\">Iscriviti ORA gratis<\/a> sul Canale <strong>Telegram <\/strong>della Farmacia:<br><br>\ud83d\udd11 <a href=\"https:\/\/t.me\/farmaciatacconi\">https:\/\/t.me\/farmaciatacconi<\/a><\/p>\n","protected":false},"excerpt":{"rendered":"<p>\ud83d\udca1 Informiamo che domani marted\u00ec 15 ottobre nella nostra \ud83d\udc99#Farmacia\ud83d\udc99 in zona #Finocchio #ViadiPrataporci #viacasilina sar\u00e0 presente una consulente di bellezza del prestigioso marchio #VICHY che vi far\u00e0 testare dal vivo i prodotti. Venite subito in Farmacia per testare la qualit\u00e0 superiore dei prodotti VICHY ed usufruire della favolosa offerta a tempo che rimarr\u00e0 valida&hellip;<\/p>\n","protected":false},"author":1,"featured_media":4905,"comment_status":"closed","ping_status":"closed","sticky":false,"template":"","format":"standard","meta":{"jetpack_post_was_ever_published":false,"_jetpack_newsletter_access":"","_jetpack_dont_email_post_to_subs":false,"_jetpack_newsletter_tier_id":0,"_jetpack_memberships_contains_paywalled_content":false,"_jetpack_memberships_contains_paid_content":false,"footnotes":"","jetpack_publicize_message":"","jetpack_publicize_feature_enabled":true,"jetpack_social_post_already_shared":true,"jetpack_social_options":{"image_generator_settings":{"template":"highway","default_image_id":0,"font":"","enabled":false},"version":2}},"categories":[16,3,17],"tags":[305,77,79,32,449,462,512,1088,510,668,271,166,74],"class_list":["post-4904","post","type-post","status-publish","format-standard","has-post-thumbnail","hentry","category-eventi","category-news","category-offerte","tag-anti-age","tag-anti-eta","tag-anti-rughe","tag-crema","tag-crema-viso","tag-iniziativa-vichy","tag-laboratori-vichy-paris","tag-liftactiv","tag-offerta-a-tempo","tag-offerta-speciale","tag-promozione","tag-sconto","tag-vichy"],"jetpack_publicize_connections":[],"jetpack_featured_media_url":"https:\/\/www.farmaciatacconi.it\/cms2\/wp-content\/uploads\/2024\/10\/evento_vichy_ottobre_2024_V008.jpg","jetpack_sharing_enabled":true,"jetpack_likes_enabled":true,"jetpack-related-posts":[{"id":4006,"url":"https:\/\/www.farmaciatacconi.it\/cms2\/2023\/03\/02\/%f0%9f%92%a1-evento-vichy-in-farmacia-il-15-03-2023-otterrete-il-20-di-sconto-e-test-di-pelle-e-capello\/","url_meta":{"origin":4904,"position":0},"title":"\ud83d\udca1 EVENTO VICHY\u00ae in Farmacia il 15\/03\/2023: otterrete il 20% di SCONTO e TEST di pelle e capello!","author":"Farmacia Tacconi","date":"Gio 02\/03\/2023","format":false,"excerpt":"\ud83d\udca1 Informiamo che nella nostra \ud83d\udc99#Farmacia\ud83d\udc99 in zona #Finocchio #Borghesiana #ViadiPrataporci solo il 15 MARZO 2023 sar\u00e0 presente una consulente di bellezza del prestigioso marchio #VICHY che effettuer\u00e0 analisi con NEOSCAN e vi far\u00e0 testare dal vivo i prodotti. Venite subito in Farmacia per testare la qualit\u00e0 superiore dei prodotti\u2026","rel":"","context":"In &quot;News&quot;","block_context":{"text":"News","link":"https:\/\/www.farmaciatacconi.it\/cms2\/category\/news\/"},"img":{"alt_text":"","src":"https:\/\/i0.wp.com\/www.farmaciatacconi.it\/cms2\/wp-content\/uploads\/2021\/09\/vichi_34739.jpg?resize=350%2C200&ssl=1","width":350,"height":200,"srcset":"https:\/\/i0.wp.com\/www.farmaciatacconi.it\/cms2\/wp-content\/uploads\/2021\/09\/vichi_34739.jpg?resize=350%2C200&ssl=1 1x, https:\/\/i0.wp.com\/www.farmaciatacconi.it\/cms2\/wp-content\/uploads\/2021\/09\/vichi_34739.jpg?resize=525%2C300&ssl=1 1.5x"},"classes":[]},{"id":4840,"url":"https:\/\/www.farmaciatacconi.it\/cms2\/2024\/07\/11\/%f0%9f%92%a1-oggi-evento-vichy-in-farmacia-11-07-24-otterrete-il-20-di-sconto\/","url_meta":{"origin":4904,"position":1},"title":"\ud83d\udca1 OGGI EVENTO VICHY\u00ae in Farmacia 11\/07\/24: otterrete il 20% di SCONTO!","author":"Farmacia Tacconi","date":"Gio 11\/07\/2024","format":false,"excerpt":"\ud83d\udca1 Informiamo che OGGI gioved\u00ec 11 luglio nella nostra \ud83d\udc99#Farmacia\ud83d\udc99 in zona #Finocchio #ViadiPrataporci #viacasilina sar\u00e0 presente una consulente di bellezza del prestigioso marchio #VICHY che vi far\u00e0 testare dal vivo i prodotti. Venite subito in Farmacia per testare la qualit\u00e0 superiore dei prodotti VICHY ed usufruire della favolosa offerta\u2026","rel":"","context":"In &quot;Eventi&quot;","block_context":{"text":"Eventi","link":"https:\/\/www.farmaciatacconi.it\/cms2\/category\/eventi\/"},"img":{"alt_text":"","src":"https:\/\/i0.wp.com\/www.farmaciatacconi.it\/cms2\/wp-content\/uploads\/2024\/07\/evento_vichy_luglio_2024.jpg?resize=350%2C200&ssl=1","width":350,"height":200,"srcset":"https:\/\/i0.wp.com\/www.farmaciatacconi.it\/cms2\/wp-content\/uploads\/2024\/07\/evento_vichy_luglio_2024.jpg?resize=350%2C200&ssl=1 1x, https:\/\/i0.wp.com\/www.farmaciatacconi.it\/cms2\/wp-content\/uploads\/2024\/07\/evento_vichy_luglio_2024.jpg?resize=525%2C300&ssl=1 1.5x, https:\/\/i0.wp.com\/www.farmaciatacconi.it\/cms2\/wp-content\/uploads\/2024\/07\/evento_vichy_luglio_2024.jpg?resize=700%2C400&ssl=1 2x, https:\/\/i0.wp.com\/www.farmaciatacconi.it\/cms2\/wp-content\/uploads\/2024\/07\/evento_vichy_luglio_2024.jpg?resize=1050%2C600&ssl=1 3x, https:\/\/i0.wp.com\/www.farmaciatacconi.it\/cms2\/wp-content\/uploads\/2024\/07\/evento_vichy_luglio_2024.jpg?resize=1400%2C800&ssl=1 4x"},"classes":[]},{"id":5240,"url":"https:\/\/www.farmaciatacconi.it\/cms2\/2025\/10\/06\/%f0%9f%92%a1-15-ottobre-evento-vichy-e-larocheposay-20-di-sconto-immediato\/","url_meta":{"origin":4904,"position":2},"title":"\ud83d\udca1 15 OTTOBRE EVENTO VICHY\u00ae e LaRochePosay: 20% di SCONTO immediato!","author":"Farmacia Tacconi","date":"Lun 06\/10\/2025","format":false,"excerpt":"Siete invitati tutti il 15 OTTOBRE in \ud83d\udc99#FarmaciaTacconi\ud83d\udc99 in zona #Finocchio #ViadiPrataporci #ViaCasilina per il grande evento promozionale dei prestigiosi marchi #VICHY e #LaRochePosay che permetter\u00e0 di ottenere lo #sconto del 20% per l'acquisto immediato con la presenza di una consulente del #marchio in sede che vi far\u00e0 testare dal\u2026","rel":"","context":"In &quot;News&quot;","block_context":{"text":"News","link":"https:\/\/www.farmaciatacconi.it\/cms2\/category\/news\/"},"img":{"alt_text":"","src":"https:\/\/i0.wp.com\/www.farmaciatacconi.it\/cms2\/wp-content\/uploads\/2025\/10\/evento_vichy_laroche_2025_v002.jpg?resize=350%2C200&ssl=1","width":350,"height":200,"srcset":"https:\/\/i0.wp.com\/www.farmaciatacconi.it\/cms2\/wp-content\/uploads\/2025\/10\/evento_vichy_laroche_2025_v002.jpg?resize=350%2C200&ssl=1 1x, https:\/\/i0.wp.com\/www.farmaciatacconi.it\/cms2\/wp-content\/uploads\/2025\/10\/evento_vichy_laroche_2025_v002.jpg?resize=525%2C300&ssl=1 1.5x, https:\/\/i0.wp.com\/www.farmaciatacconi.it\/cms2\/wp-content\/uploads\/2025\/10\/evento_vichy_laroche_2025_v002.jpg?resize=700%2C400&ssl=1 2x, https:\/\/i0.wp.com\/www.farmaciatacconi.it\/cms2\/wp-content\/uploads\/2025\/10\/evento_vichy_laroche_2025_v002.jpg?resize=1050%2C600&ssl=1 3x, https:\/\/i0.wp.com\/www.farmaciatacconi.it\/cms2\/wp-content\/uploads\/2025\/10\/evento_vichy_laroche_2025_v002.jpg?resize=1400%2C800&ssl=1 4x"},"classes":[]},{"id":4283,"url":"https:\/\/www.farmaciatacconi.it\/cms2\/2023\/07\/11\/%f0%9f%92%a1-evento-vichy-in-farmacia-il-13-07-23-otterrete-il-20-di-sconto-30-sui-solari\/","url_meta":{"origin":4904,"position":3},"title":"\ud83d\udca1 EVENTO VICHY\u00ae in Farmacia il 13\/07\/23: otterrete il 20% di SCONTO + 30% sui SOLARI!","author":"Farmacia Tacconi","date":"Mar 11\/07\/2023","format":false,"excerpt":"\ud83d\udca1 Informiamo che nella nostra \ud83d\udc99#Farmacia\ud83d\udc99 in zona #Finocchio #ViadiPrataporci #viacasilina solo gioved\u00ec 13 LUGLIO 2023 sar\u00e0 presente una consulente di bellezza del prestigioso marchio #VICHY che vi far\u00e0 testare dal vivo i prodotti. Venite subito in Farmacia per testare la qualit\u00e0 superiore dei prodotti VICHY ed usufruire della favolosa\u2026","rel":"","context":"In &quot;Eventi&quot;","block_context":{"text":"Eventi","link":"https:\/\/www.farmaciatacconi.it\/cms2\/category\/eventi\/"},"img":{"alt_text":"","src":"https:\/\/i0.wp.com\/www.farmaciatacconi.it\/cms2\/wp-content\/uploads\/2023\/07\/evento_laroche_posay_luglio_2023_v001.svgz_-2.jpg?resize=350%2C200&ssl=1","width":350,"height":200,"srcset":"https:\/\/i0.wp.com\/www.farmaciatacconi.it\/cms2\/wp-content\/uploads\/2023\/07\/evento_laroche_posay_luglio_2023_v001.svgz_-2.jpg?resize=350%2C200&ssl=1 1x, https:\/\/i0.wp.com\/www.farmaciatacconi.it\/cms2\/wp-content\/uploads\/2023\/07\/evento_laroche_posay_luglio_2023_v001.svgz_-2.jpg?resize=525%2C300&ssl=1 1.5x, https:\/\/i0.wp.com\/www.farmaciatacconi.it\/cms2\/wp-content\/uploads\/2023\/07\/evento_laroche_posay_luglio_2023_v001.svgz_-2.jpg?resize=700%2C400&ssl=1 2x, https:\/\/i0.wp.com\/www.farmaciatacconi.it\/cms2\/wp-content\/uploads\/2023\/07\/evento_laroche_posay_luglio_2023_v001.svgz_-2.jpg?resize=1050%2C600&ssl=1 3x, https:\/\/i0.wp.com\/www.farmaciatacconi.it\/cms2\/wp-content\/uploads\/2023\/07\/evento_laroche_posay_luglio_2023_v001.svgz_-2.jpg?resize=1400%2C800&ssl=1 4x"},"classes":[]},{"id":4290,"url":"https:\/\/www.farmaciatacconi.it\/cms2\/2023\/07\/13\/oggi-non-mancare-%f0%9f%92%a1-evento-vichy-in-farmacia-otterrete-il-20-di-sconto-30-sui-solari\/","url_meta":{"origin":4904,"position":4},"title":"OGGI NON MANCARE \ud83d\udca1 EVENTO VICHY\u00ae in Farmacia: otterrete il 20% di SCONTO + 30% sui SOLARI!","author":"Farmacia Tacconi","date":"Gio 13\/07\/2023","format":false,"excerpt":"\ud83d\udca1 Informiamo che nella nostra \ud83d\udc99#Farmacia\ud83d\udc99 in zona #Finocchio #ViadiPrataporci #viacasilina solo gioved\u00ec 13 LUGLIO 2023 sar\u00e0 presente una consulente di bellezza del prestigioso marchio #VICHY che vi far\u00e0 testare dal vivo i prodotti. Venite subito in Farmacia per testare la qualit\u00e0 superiore dei prodotti VICHY ed usufruire della favolosa\u2026","rel":"","context":"In &quot;Eventi&quot;","block_context":{"text":"Eventi","link":"https:\/\/www.farmaciatacconi.it\/cms2\/category\/eventi\/"},"img":{"alt_text":"","src":"https:\/\/i0.wp.com\/www.farmaciatacconi.it\/cms2\/wp-content\/uploads\/2023\/07\/evento_laroche_posay_luglio_2023_v002.svgz_.jpg?resize=350%2C200&ssl=1","width":350,"height":200,"srcset":"https:\/\/i0.wp.com\/www.farmaciatacconi.it\/cms2\/wp-content\/uploads\/2023\/07\/evento_laroche_posay_luglio_2023_v002.svgz_.jpg?resize=350%2C200&ssl=1 1x, https:\/\/i0.wp.com\/www.farmaciatacconi.it\/cms2\/wp-content\/uploads\/2023\/07\/evento_laroche_posay_luglio_2023_v002.svgz_.jpg?resize=525%2C300&ssl=1 1.5x, https:\/\/i0.wp.com\/www.farmaciatacconi.it\/cms2\/wp-content\/uploads\/2023\/07\/evento_laroche_posay_luglio_2023_v002.svgz_.jpg?resize=700%2C400&ssl=1 2x, https:\/\/i0.wp.com\/www.farmaciatacconi.it\/cms2\/wp-content\/uploads\/2023\/07\/evento_laroche_posay_luglio_2023_v002.svgz_.jpg?resize=1050%2C600&ssl=1 3x, https:\/\/i0.wp.com\/www.farmaciatacconi.it\/cms2\/wp-content\/uploads\/2023\/07\/evento_laroche_posay_luglio_2023_v002.svgz_.jpg?resize=1400%2C800&ssl=1 4x"},"classes":[]},{"id":4807,"url":"https:\/\/www.farmaciatacconi.it\/cms2\/2024\/06\/14\/%f0%9f%92%a1oggi-evento-vichy-in-farmacia-otterrete-il-20-di-%e2%9a%a1%ef%b8%8f-sconto\/","url_meta":{"origin":4904,"position":5},"title":"\ud83d\udca1OGGI EVENTO VICHY\u00ae in Farmacia: otterrete il 20% di \u26a1\ufe0f SCONTO","author":"Farmacia Tacconi","date":"Ven 14\/06\/2024","format":false,"excerpt":"\ud83d\udca1 Informiamo che nella nostra \ud83d\udc99#Farmacia\ud83d\udc99 in zona #Finocchio #ViadiPrataporci #viacasilina solo venerd\u00ec 14 MAGGIO 2024 sar\u00e0 presente una consulente di bellezza del prestigioso marchio #VICHY che vi far\u00e0 testare dal vivo i prodotti offrendo la possibilit\u00e0 di effettuare gratuitamente un test della pelle e del capello con strumenti di\u2026","rel":"","context":"In &quot;Eventi&quot;","block_context":{"text":"Eventi","link":"https:\/\/www.farmaciatacconi.it\/cms2\/category\/eventi\/"},"img":{"alt_text":"","src":"https:\/\/i0.wp.com\/www.farmaciatacconi.it\/cms2\/wp-content\/uploads\/2024\/06\/evento_vichy_giugno_2024_v004.jpg?resize=350%2C200&ssl=1","width":350,"height":200,"srcset":"https:\/\/i0.wp.com\/www.farmaciatacconi.it\/cms2\/wp-content\/uploads\/2024\/06\/evento_vichy_giugno_2024_v004.jpg?resize=350%2C200&ssl=1 1x, https:\/\/i0.wp.com\/www.farmaciatacconi.it\/cms2\/wp-content\/uploads\/2024\/06\/evento_vichy_giugno_2024_v004.jpg?resize=525%2C300&ssl=1 1.5x, https:\/\/i0.wp.com\/www.farmaciatacconi.it\/cms2\/wp-content\/uploads\/2024\/06\/evento_vichy_giugno_2024_v004.jpg?resize=700%2C400&ssl=1 2x, https:\/\/i0.wp.com\/www.farmaciatacconi.it\/cms2\/wp-content\/uploads\/2024\/06\/evento_vichy_giugno_2024_v004.jpg?resize=1050%2C600&ssl=1 3x, https:\/\/i0.wp.com\/www.farmaciatacconi.it\/cms2\/wp-content\/uploads\/2024\/06\/evento_vichy_giugno_2024_v004.jpg?resize=1400%2C800&ssl=1 4x"},"classes":[]}],"_links":{"self":[{"href":"https:\/\/www.farmaciatacconi.it\/cms2\/wp-json\/wp\/v2\/posts\/4904","targetHints":{"allow":["GET"]}}],"collection":[{"href":"https:\/\/www.farmaciatacconi.it\/cms2\/wp-json\/wp\/v2\/posts"}],"about":[{"href":"https:\/\/www.farmaciatacconi.it\/cms2\/wp-json\/wp\/v2\/types\/post"}],"author":[{"embeddable":true,"href":"https:\/\/www.farmaciatacconi.it\/cms2\/wp-json\/wp\/v2\/users\/1"}],"replies":[{"embeddable":true,"href":"https:\/\/www.farmaciatacconi.it\/cms2\/wp-json\/wp\/v2\/comments?post=4904"}],"version-history":[{"count":1,"href":"https:\/\/www.farmaciatacconi.it\/cms2\/wp-json\/wp\/v2\/posts\/4904\/revisions"}],"predecessor-version":[{"id":4906,"href":"https:\/\/www.farmaciatacconi.it\/cms2\/wp-json\/wp\/v2\/posts\/4904\/revisions\/4906"}],"wp:featuredmedia":[{"embeddable":true,"href":"https:\/\/www.farmaciatacconi.it\/cms2\/wp-json\/wp\/v2\/media\/4905"}],"wp:attachment":[{"href":"https:\/\/www.farmaciatacconi.it\/cms2\/wp-json\/wp\/v2\/media?parent=4904"}],"wp:term":[{"taxonomy":"category","embeddable":true,"href":"https:\/\/www.farmaciatacconi.it\/cms2\/wp-json\/wp\/v2\/categories?post=4904"},{"taxonomy":"post_tag","embeddable":true,"href":"https:\/\/www.farmaciatacconi.it\/cms2\/wp-json\/wp\/v2\/tags?post=4904"}],"curies":[{"name":"wp","href":"https:\/\/api.w.org\/{rel}","templated":true}]}}