{"id":4843,"date":"2024-07-17T09:00:00","date_gmt":"2024-07-17T07:00:00","guid":{"rendered":"https:\/\/www.farmaciatacconi.it\/cms2\/?p=4843"},"modified":"2024-07-16T23:15:17","modified_gmt":"2024-07-16T21:15:17","slug":"affrontare-il-caldo-%f0%9f%8c%9e-estivo-consigli-e-rimedi-naturali-dalla-tua-farmacia","status":"publish","type":"post","link":"https:\/\/www.farmaciatacconi.it\/cms2\/2024\/07\/17\/affrontare-il-caldo-%f0%9f%8c%9e-estivo-consigli-e-rimedi-naturali-dalla-tua-farmacia\/","title":{"rendered":"Affrontare il Caldo \ud83c\udf1e Estivo: Consigli e Rimedi Naturali dalla Tua Farmacia"},"content":{"rendered":"\n<p>L&#8217;#estate porta con s\u00e9 giornate lunghe e soleggiate, ma anche #temperature elevate che possono diventare difficili da gestire. Il #caldo eccessivo pu\u00f2 causare diversi problemi di #salute, tra cui #disidratazione, colpi di calore, #affaticamento e problemi di #pelle. Fortunatamente, ci sono molti #rimedinaturali e prodotti disponibili in #farmacia che possono aiutarti a gestire meglio il calore e a rimanere in salute durante i mesi estivi.<\/p>\n\n\n\n<p><strong>Problemi Comuni Causati dal Caldo<\/strong><\/p>\n\n\n\n<ol class=\"wp-block-list\">\n<li><strong>Disidratazione:<\/strong> La sudorazione intensa pu\u00f2 portare a una perdita significativa di liquidi e sali minerali dal corpo.<\/li>\n\n\n\n<li><strong>Colpo di calore:<\/strong> Temperature molto elevate possono causare un aumento pericoloso della temperatura corporea.<\/li>\n\n\n\n<li><strong>Affaticamento:<\/strong> Il caldo pu\u00f2 causare una sensazione generale di stanchezza e debolezza.<\/li>\n\n\n\n<li><strong>Problemi della pelle:<\/strong> L&#8217;esposizione prolungata al sole pu\u00f2 provocare scottature, eruzioni cutanee e invecchiamento precoce della pelle.<\/li>\n<\/ol>\n\n\n\n<p><strong>Rimedi Naturali per Combattere il Caldo<\/strong><\/p>\n\n\n\n<ol class=\"wp-block-list\">\n<li><strong>Idratazione Costante:<\/strong> Bere molta acqua \u00e8 fondamentale. Aggiungi una fettina di limone o qualche foglia di menta per un tocco rinfrescante.<\/li>\n\n\n\n<li><strong>Alimenti Ricchi di Acqua:<\/strong> Consuma frutta e verdura ad alto contenuto di acqua come anguria, cetrioli, fragole e lattuga.<\/li>\n\n\n\n<li><strong>Infusi Freschi:<\/strong> Prepara infusi di erbe come menta, camomilla o zenzero e bevili freddi per un effetto rinfrescante.<\/li>\n\n\n\n<li><strong>Vestiti Leggeri:<\/strong> Indossa abiti leggeri e traspiranti in fibre naturali come cotone o lino per aiutare la pelle a respirare.<\/li>\n<\/ol>\n\n\n\n<p><strong>Prodotti Disponibili in Farmacia<\/strong><\/p>\n\n\n\n<ol class=\"wp-block-list\">\n<li><strong>Integratori di Sali Minerali:<\/strong> Quando si suda molto, \u00e8 importante reintegrare i sali minerali persi. Gli integratori di sali minerali possono essere di grande aiuto.<\/li>\n\n\n\n<li><strong>Creme Solari:<\/strong> Utilizza sempre una crema solare con un alto fattore di protezione per proteggere la pelle dai danni dei raggi UV.<\/li>\n\n\n\n<li><strong>Spray Rinfrescanti:<\/strong> Gli spray a base di acqua termale possono rinfrescare immediatamente la pelle e lenire eventuali irritazioni.<\/li>\n\n\n\n<li><strong>Integratori di Magnesio e Potassio:<\/strong> Questi minerali sono essenziali per combattere l&#8217;affaticamento e mantenere l&#8217;equilibrio elettrolitico.<\/li>\n\n\n\n<li><strong>Gel Aloe Vera:<\/strong> L&#8217;aloe vera \u00e8 eccellente per lenire la pelle dopo l&#8217;esposizione al sole e prevenire le scottature ora disponibile anche come integratore.<\/li>\n<\/ol>\n\n\n\n<p><strong>Consigli per Mantenersi Freschi<\/strong><\/p>\n\n\n\n<ol class=\"wp-block-list\">\n<li><strong>Evita le Ore Pi\u00f9 Calde:<\/strong> Cerca di rimanere al riparo dal sole tra le 12:00 e le 15:00, quando i raggi UV sono pi\u00f9 intensi.<\/li>\n\n\n\n<li><strong>Docce Fredde:<\/strong> Fai docce fredde o tiepide per abbassare la temperatura corporea.<\/li>\n\n\n\n<li><strong>Usa Ventilatori o Condizionatori:<\/strong> Mantenere la casa fresca con ventilatori o aria condizionata pu\u00f2 fare una grande differenza.<\/li>\n\n\n\n<li><strong>Crea Ombra:<\/strong> Utilizza tende, persiane o parasole per mantenere le stanze della casa pi\u00f9 fresche.<\/li>\n<\/ol>\n\n\n\n<p>Ricorda, la tua salute \u00e8 la nostra priorit\u00e0. Passa in farmacia per ricevere consigli personalizzati e scoprire i prodotti pi\u00f9 adatti per affrontare il caldo estivo in modo efficace e sicuro. Siamo qui per aiutarti a vivere un&#8217;estate serena e in salute!<\/p>\n\n\n\n<hr class=\"wp-block-separator has-css-opacity\"\/>\n\n\n<ul class=\"wp-block-latest-posts__list is-grid columns-3 has-dates aligncenter wp-block-latest-posts\"><li><div class=\"wp-block-latest-posts__featured-image aligncenter\"><img decoding=\"async\" width=\"150\" height=\"150\" src=\"https:\/\/www.farmaciatacconi.it\/cms2\/wp-content\/uploads\/2026\/04\/87587487587-150x150.jpg\" class=\"attachment-thumbnail size-thumbnail wp-post-image\" alt=\"\" style=\"\" srcset=\"https:\/\/www.farmaciatacconi.it\/cms2\/wp-content\/uploads\/2026\/04\/87587487587-150x150.jpg 150w, https:\/\/www.farmaciatacconi.it\/cms2\/wp-content\/uploads\/2026\/04\/87587487587-300x300.jpg 300w\" sizes=\"(max-width: 150px) 100vw, 150px\" \/><\/div><a class=\"wp-block-latest-posts__post-title\" href=\"https:\/\/www.farmaciatacconi.it\/cms2\/2026\/04\/30\/%f0%9f%91%a7-offerta-su-bioscalin-fino-a-20e-di-sconto-%f0%9f%91%8d\/\">\ud83d\udc67 OFFERTA su BIOSCALIN fino a 20\u20ac di SCONTO \ud83d\udc4d<\/a><time datetime=\"2026-04-30T09:00:00+02:00\" class=\"wp-block-latest-posts__post-date\">Gio 30\/04\/2026<\/time><div class=\"wp-block-latest-posts__post-excerpt\">\u2728 Da 35 anni #Bioscalin si prende cura dei tuoi #capelli con ricerca&hellip;<\/div><\/li>\n<li><div class=\"wp-block-latest-posts__featured-image aligncenter\"><img decoding=\"async\" width=\"150\" height=\"150\" src=\"https:\/\/www.farmaciatacconi.it\/cms2\/wp-content\/uploads\/2026\/04\/895942589-150x150.jpg\" class=\"attachment-thumbnail size-thumbnail wp-post-image\" alt=\"\" style=\"\" srcset=\"https:\/\/www.farmaciatacconi.it\/cms2\/wp-content\/uploads\/2026\/04\/895942589-150x150.jpg 150w, https:\/\/www.farmaciatacconi.it\/cms2\/wp-content\/uploads\/2026\/04\/895942589-300x300.jpg 300w\" sizes=\"(max-width: 150px) 100vw, 150px\" \/><\/div><a class=\"wp-block-latest-posts__post-title\" href=\"https:\/\/www.farmaciatacconi.it\/cms2\/2026\/04\/29\/%e2%9c%85-somatoline-nuova-nuova-linea-deodoranti-somatolineskinexpert-%e2%9c%a8\/\">\u2705 SOMATOLINE: NUOVA linea deodoranti #SomatolineSkinExpert! \u2728<\/a><time datetime=\"2026-04-29T09:00:00+02:00\" class=\"wp-block-latest-posts__post-date\">Mer 29\/04\/2026<\/time><div class=\"wp-block-latest-posts__post-excerpt\">Informiamo i gentili clienti che nella nostra \ud83d\udc99#FarmaciaTacconi\ud83d\udc99 in zona #Finocchio, #ViadiPrataporci e&hellip;<\/div><\/li>\n<li><div class=\"wp-block-latest-posts__featured-image aligncenter\"><img decoding=\"async\" width=\"150\" height=\"150\" src=\"https:\/\/www.farmaciatacconi.it\/cms2\/wp-content\/uploads\/2026\/04\/59349854859-150x150.jpg\" class=\"attachment-thumbnail size-thumbnail wp-post-image\" alt=\"\" style=\"\" srcset=\"https:\/\/www.farmaciatacconi.it\/cms2\/wp-content\/uploads\/2026\/04\/59349854859-150x150.jpg 150w, https:\/\/www.farmaciatacconi.it\/cms2\/wp-content\/uploads\/2026\/04\/59349854859-300x300.jpg 300w\" sizes=\"(max-width: 150px) 100vw, 150px\" \/><\/div><a class=\"wp-block-latest-posts__post-title\" href=\"https:\/\/www.farmaciatacconi.it\/cms2\/2026\/04\/24\/%f0%9f%92%a1-offerta-vichy-8e-di-sconto-immediato\/\">\ud83d\udca1 OFFERTA VICHY\u00ae: 8\u20ac di SCONTO immediato!<\/a><time datetime=\"2026-04-24T09:37:36+02:00\" class=\"wp-block-latest-posts__post-date\">Ven 24\/04\/2026<\/time><div class=\"wp-block-latest-posts__post-excerpt\">Vieni a trovarci in \ud83d\udc99#FarmaciaTacconi\ud83d\udc99 in zona #Finocchio #ViadiPrataporci #ViaCasilina per la grande&hellip;<\/div><\/li>\n<li><div class=\"wp-block-latest-posts__featured-image aligncenter\"><img loading=\"lazy\" decoding=\"async\" width=\"150\" height=\"150\" src=\"https:\/\/www.farmaciatacconi.it\/cms2\/wp-content\/uploads\/2026\/04\/immagine-150x150.png\" class=\"attachment-thumbnail size-thumbnail wp-post-image\" alt=\"\" style=\"\" srcset=\"https:\/\/www.farmaciatacconi.it\/cms2\/wp-content\/uploads\/2026\/04\/immagine-150x150.png 150w, https:\/\/www.farmaciatacconi.it\/cms2\/wp-content\/uploads\/2026\/04\/immagine-300x300.png 300w\" sizes=\"(max-width: 150px) 100vw, 150px\" \/><\/div><a class=\"wp-block-latest-posts__post-title\" href=\"https:\/\/www.farmaciatacconi.it\/cms2\/2026\/04\/22\/%f0%9f%92%84evento-22-aprile-makeup-professionale-in-farmacia-%f0%9f%92%96-non-mancare\/\">\ud83d\udc84EVENTO 22 APRILE #MAKEUP PROFESSIONALE IN FARMACIA! \ud83d\udc96 Non mancare!<\/a><time datetime=\"2026-04-22T09:00:00+02:00\" class=\"wp-block-latest-posts__post-date\">Mer 22\/04\/2026<\/time><div class=\"wp-block-latest-posts__post-excerpt\">Oggi 22 Aprile in \ud83d\udc99 #FarmaciaTacconi \ud83d\udc99 in zona #Finocchio #ViadiPrataporci #ViaCasilina siete&hellip;<\/div><\/li>\n<li><div class=\"wp-block-latest-posts__featured-image aligncenter\"><img loading=\"lazy\" decoding=\"async\" width=\"150\" height=\"150\" src=\"https:\/\/www.farmaciatacconi.it\/cms2\/wp-content\/uploads\/2026\/04\/54985943895-150x150.jpg\" class=\"attachment-thumbnail size-thumbnail wp-post-image\" alt=\"\" style=\"\" srcset=\"https:\/\/www.farmaciatacconi.it\/cms2\/wp-content\/uploads\/2026\/04\/54985943895-150x150.jpg 150w, https:\/\/www.farmaciatacconi.it\/cms2\/wp-content\/uploads\/2026\/04\/54985943895-300x300.jpg 300w\" sizes=\"(max-width: 150px) 100vw, 150px\" \/><\/div><a class=\"wp-block-latest-posts__post-title\" href=\"https:\/\/www.farmaciatacconi.it\/cms2\/2026\/04\/20\/%f0%9f%9f%a2-evento-22-aprile-makeup-%f0%9f%92%84professionale-in-farmacia-%f0%9f%92%96-non-mancare\/\">\ud83d\udfe2 EVENTO 22 APRILE #MAKEUP \ud83d\udc84PROFESSIONALE IN FARMACIA! \ud83d\udc96 Non mancare!<\/a><time datetime=\"2026-04-20T09:00:00+02:00\" class=\"wp-block-latest-posts__post-date\">Lun 20\/04\/2026<\/time><div class=\"wp-block-latest-posts__post-excerpt\">Il 22 Aprile in \ud83d\udc99 #FarmaciaTacconi \ud83d\udc99 in zona #Finocchio #ViadiPrataporci #ViaCasilina siete&hellip;<\/div><\/li>\n<li><div class=\"wp-block-latest-posts__featured-image aligncenter\"><img loading=\"lazy\" decoding=\"async\" width=\"150\" height=\"150\" src=\"https:\/\/www.farmaciatacconi.it\/cms2\/wp-content\/uploads\/2026\/04\/498259458-150x150.jpg\" class=\"attachment-thumbnail size-thumbnail wp-post-image\" alt=\"\" style=\"\" srcset=\"https:\/\/www.farmaciatacconi.it\/cms2\/wp-content\/uploads\/2026\/04\/498259458-150x150.jpg 150w, https:\/\/www.farmaciatacconi.it\/cms2\/wp-content\/uploads\/2026\/04\/498259458-300x300.jpg 300w\" sizes=\"(max-width: 150px) 100vw, 150px\" \/><\/div><a class=\"wp-block-latest-posts__post-title\" href=\"https:\/\/www.farmaciatacconi.it\/cms2\/2026\/04\/17\/dolomia%f0%9f%92%84-30-subito-sui-fondotinta-per-una-base-perfetta\/\">Dolomia\ud83d\udc84: -30% SUBITO sui #fondotinta per una base perfetta!<\/a><time datetime=\"2026-04-17T09:00:00+02:00\" class=\"wp-block-latest-posts__post-date\">Ven 17\/04\/2026<\/time><div class=\"wp-block-latest-posts__post-excerpt\">Presso la nostra #FarmaciaTacconi a #Finocchio lungo la storica #ViaCasilina, siamo felici di&hellip;<\/div><\/li>\n<\/ul>\n\n\n<p class=\"has-text-align-center\"><a href=\"https:\/\/www.facebook.com\/hashtag\/farmaciafinocchio?source=note&amp;epa=HASHTAG\" target=\"_blank\" rel=\"noreferrer noopener\">#farmaciafinocchio<\/a> <a href=\"https:\/\/www.facebook.com\/hashtag\/farmaciaborgatafinocchio?source=note&amp;epa=HASHTAG\" target=\"_blank\" rel=\"noreferrer noopener\">#farmaciaborgatafinocchio<\/a> <a href=\"https:\/\/www.facebook.com\/hashtag\/farmaciaborghesiana?source=note&amp;epa=HASHTAG\" target=\"_blank\" rel=\"noreferrer noopener\">#farmaciaborghesiana<\/a> <a href=\"https:\/\/www.facebook.com\/hashtag\/salute?source=note&amp;epa=HASHTAG\" target=\"_blank\" rel=\"noreferrer noopener\">#salute<\/a>  <a href=\"https:\/\/www.facebook.com\/hashtag\/farmaciaromasud?source=note&amp;epa=HASHTAG\" target=\"_blank\" rel=\"noreferrer noopener\">#farmaciaromasud<\/a> <a href=\"https:\/\/www.facebook.com\/hashtag\/farmacia?source=note&amp;epa=HASHTAG\" target=\"_blank\" rel=\"noreferrer noopener\">#farmacia<\/a> <a href=\"https:\/\/www.facebook.com\/hashtag\/farmaciaroma?source=note&amp;epa=HASHTAG\" target=\"_blank\" rel=\"noreferrer noopener\">#farmaciaroma<\/a> <a href=\"https:\/\/www.facebook.com\/hashtag\/farmacie?source=note&amp;epa=HASHTAG\" target=\"_blank\" rel=\"noreferrer noopener\">#farmacie<\/a> <a href=\"https:\/\/www.facebook.com\/hashtag\/farmaciavermicino?source=note&amp;epa=HASHTAG\" target=\"_blank\" rel=\"noreferrer noopener\">#farmaciavermicino<\/a> <a href=\"https:\/\/www.facebook.com\/hashtag\/farmaciatacconi?source=note&amp;epa=HASHTAG\" target=\"_blank\" rel=\"noreferrer noopener\">#farmaciatacconi<\/a> <a href=\"https:\/\/www.facebook.com\/hashtag\/farmaciamaurotacconi?source=note&amp;epa=HASHTAG\" target=\"_blank\" rel=\"noreferrer noopener\">#farmaciamaurotacconi<\/a> <a href=\"https:\/\/www.facebook.com\/hashtag\/farmaciadrmaurotacconi?source=note&amp;epa=HASHTAG\" target=\"_blank\" rel=\"noreferrer noopener\">#farmaciadrmaurotacconi<\/a> <a href=\"https:\/\/www.facebook.com\/hashtag\/farmaciaviacasilina?source=note&amp;epa=HASHTAG\" target=\"_blank\" rel=\"noreferrer noopener\">#farmaciaviacasilina<\/a> <a href=\"https:\/\/www.facebook.com\/hashtag\/farmaciaditurno?source=note&amp;epa=HASHTAG\" target=\"_blank\" rel=\"noreferrer noopener\">#farmaciaditurno<\/a> <a href=\"https:\/\/www.facebook.com\/hashtag\/farmaciaborgata?source=note&amp;epa=HASHTAG\" target=\"_blank\" rel=\"noreferrer noopener\">#farmaciaborgata<\/a> <a href=\"https:\/\/www.facebook.com\/hashtag\/farmaciaquartiere?source=note&amp;epa=HASHTAG\" target=\"_blank\" rel=\"noreferrer noopener\">#farmaciaquartiere<\/a> <a href=\"https:\/\/www.facebook.com\/hashtag\/farmaciametroc?source=note&amp;epa=HASHTAG\" target=\"_blank\" rel=\"noreferrer noopener\">#farmaciametroc<\/a> <a href=\"https:\/\/www.facebook.com\/hashtag\/farmacialungoviacasilina?source=note&amp;epa=HASHTAG\" target=\"_blank\" rel=\"noreferrer noopener\">#farmacialungoviacasilina<\/a> <a href=\"https:\/\/www.facebook.com\/hashtag\/farmaciabenessere?source=note&amp;epa=HASHTAG\" target=\"_blank\" rel=\"noreferrer noopener\">#farmaciabenessere<\/a> <a href=\"https:\/\/www.facebook.com\/hashtag\/erboristeriafinocchio?source=note&amp;epa=HASHTAG\" target=\"_blank\" rel=\"noreferrer noopener\">#erboristeriafinocchio<\/a> <a href=\"https:\/\/www.facebook.com\/hashtag\/erboristeriacasilina?source=note&amp;epa=HASHTAG\" target=\"_blank\" rel=\"noreferrer noopener\">#erboristeriacasilina<\/a> <a href=\"https:\/\/www.facebook.com\/hashtag\/medicinanaturale?source=note&amp;epa=HASHTAG\" target=\"_blank\" rel=\"noreferrer noopener\">#medicinanaturale<\/a> <a href=\"https:\/\/www.facebook.com\/hashtag\/omeopatiafinocchio?source=note&amp;epa=HASHTAG\" target=\"_blank\" rel=\"noreferrer noopener\">#omeopatiafinocchio<\/a> <a href=\"https:\/\/www.facebook.com\/hashtag\/omeopatia?source=note&amp;epa=HASHTAG\" target=\"_blank\" rel=\"noreferrer noopener\">#omeopatia<\/a> <a href=\"https:\/\/www.facebook.com\/hashtag\/omeopatiacasilina?source=note&amp;epa=HASHTAG\" target=\"_blank\" rel=\"noreferrer noopener\">#omeopatiacasilina<\/a> <a href=\"https:\/\/www.facebook.com\/hashtag\/terapiadeldolore?source=note&amp;epa=HASHTAG\" target=\"_blank\" rel=\"noreferrer noopener\">#terapiadeldolore<\/a> #influenza #probiotici #antibiotici #integratori #tornainlinea<\/p>\n\n\n\n<h3 class=\"wp-block-heading has-text-align-center\">\ud83d\udc99 <strong><a href=\"http:\/\/www.farmaciatacconi.it\">FARMACIA TACCONI<\/a><\/strong> \ud83d\udc99<\/h3>\n\n\n\n<h3 class=\"wp-block-heading has-text-align-center\">= <em>La <a href=\"http:\/\/www.farmaciatacconi.it\">Farmacia<\/a> di fiducia del TUO quartiere<\/em> =<\/h3>\n\n\n\n<p class=\"has-text-align-center\">[U<em>nica Sede \u2013 Farmacia di Turno Aperta \u2013 <strong>Oltre 250 MQ di esposizione<\/strong> \u2013 Zona Finocchio Borghesiana]<\/em><\/p>\n\n\n\n<p class=\"has-text-align-center\">\ud83e\udded <strong>Via di Prataporci n.4 \u2013 00132 ROMA<\/strong><\/p>\n\n\n\n<p class=\"has-text-align-center\"><em>[Incrocio lungo la Via Casilina]<\/em><br><br>\ud83d\udd17 http:\/\/<a href=\"http:\/\/www.farmaciatacconi.it\">www.farmaciatacconi.it<\/a><br>\u2709\ufe0f <a href=\"mailto:info@farmaciatacconi.it\">info@farmaciatacconi.it<\/a><br>\ud83d\udcde <strong>06 207 60 354<\/strong><br><br><a href=\"https:\/\/t.me\/farmaciatacconi\">Iscriviti ORA gratis<\/a> sul Canale <strong>Telegram <\/strong>della Farmacia:<br><br>\ud83d\udd11 <a href=\"https:\/\/t.me\/farmaciatacconi\">https:\/\/t.me\/farmaciatacconi<\/a><\/p>\n","protected":false},"excerpt":{"rendered":"<p>L&#8217;#estate porta con s\u00e9 giornate lunghe e soleggiate, ma anche #temperature elevate che possono diventare difficili da gestire. Il #caldo eccessivo pu\u00f2 causare diversi problemi di #salute, tra cui #disidratazione, colpi di calore, #affaticamento e problemi di #pelle. Fortunatamente, ci sono molti #rimedinaturali e prodotti disponibili in #farmacia che possono aiutarti a gestire meglio il&hellip;<\/p>\n","protected":false},"author":1,"featured_media":4844,"comment_status":"closed","ping_status":"closed","sticky":false,"template":"","format":"standard","meta":{"jetpack_post_was_ever_published":false,"_jetpack_newsletter_access":"","_jetpack_dont_email_post_to_subs":false,"_jetpack_newsletter_tier_id":0,"_jetpack_memberships_contains_paywalled_content":false,"_jetpack_memberships_contains_paid_content":false,"footnotes":"","jetpack_publicize_message":"","jetpack_publicize_feature_enabled":true,"jetpack_social_post_already_shared":true,"jetpack_social_options":{"image_generator_settings":{"template":"highway","default_image_id":0,"font":"","enabled":false},"version":2}},"categories":[3,17],"tags":[1290,778,1287,438,1289,437,35,433,1288,435],"class_list":["post-4843","post","type-post","status-publish","format-standard","has-post-thumbnail","hentry","category-news","category-offerte","tag-affaticamento","tag-caldo","tag-colpi-di-calore","tag-crema-protezione","tag-disidratazione","tag-protezione-solare","tag-scottature","tag-solari","tag-sudorazione","tag-trattamento-doposole"],"jetpack_publicize_connections":[],"jetpack_featured_media_url":"https:\/\/www.farmaciatacconi.it\/cms2\/wp-content\/uploads\/2024\/07\/435984359.jpg","jetpack_sharing_enabled":false,"jetpack_likes_enabled":true,"jetpack-related-posts":[{"id":4240,"url":"https:\/\/www.farmaciatacconi.it\/cms2\/2023\/06\/28\/%e2%9c%85-ecco-perche-con-il-caldo-e-importante-integrare-i-sali-minerali-e-le-vitamine\/","url_meta":{"origin":4843,"position":0},"title":"\u2705 Ecco perch\u00e9 con il caldo \u00e8 importante integrare i sali minerali e le vitamine","author":"Farmacia Tacconi","date":"Mer 28\/06\/2023","format":false,"excerpt":"L'#estate \u00e8 una #stagione amata da molti, ma il #caldo e l'#afa possono mettere a dura prova il nostro corpo. Con le temperature che raggiungono livelli elevati, \u00e8 fondamentale prendersi cura della propria salute e fornire al #corpo i #nutrienti necessari per affrontare al meglio questa #stagione. Uno dei modi\u2026","rel":"","context":"In &quot;I Consigli del Tuo Farmacista&quot;","block_context":{"text":"I Consigli del Tuo Farmacista","link":"https:\/\/www.farmaciatacconi.it\/cms2\/category\/informative\/"},"img":{"alt_text":"","src":"https:\/\/i0.wp.com\/www.farmaciatacconi.it\/cms2\/wp-content\/uploads\/2023\/06\/39493284.jpg?resize=350%2C200&ssl=1","width":350,"height":200,"srcset":"https:\/\/i0.wp.com\/www.farmaciatacconi.it\/cms2\/wp-content\/uploads\/2023\/06\/39493284.jpg?resize=350%2C200&ssl=1 1x, https:\/\/i0.wp.com\/www.farmaciatacconi.it\/cms2\/wp-content\/uploads\/2023\/06\/39493284.jpg?resize=525%2C300&ssl=1 1.5x, https:\/\/i0.wp.com\/www.farmaciatacconi.it\/cms2\/wp-content\/uploads\/2023\/06\/39493284.jpg?resize=700%2C400&ssl=1 2x, https:\/\/i0.wp.com\/www.farmaciatacconi.it\/cms2\/wp-content\/uploads\/2023\/06\/39493284.jpg?resize=1050%2C600&ssl=1 3x, https:\/\/i0.wp.com\/www.farmaciatacconi.it\/cms2\/wp-content\/uploads\/2023\/06\/39493284.jpg?resize=1400%2C800&ssl=1 4x"},"classes":[]},{"id":4622,"url":"https:\/\/www.farmaciatacconi.it\/cms2\/2024\/02\/20\/%e2%9c%85-ecco-come-affrontare-i-traumi-della-pelle-nei-cambi-di-stagione\/","url_meta":{"origin":4843,"position":1},"title":"\u2705 Ecco come affrontare i traumi della pelle nei cambi di stagione","author":"Farmacia Tacconi","date":"Mar 20\/02\/2024","format":false,"excerpt":"Con l'arrivo della #primavera, molti di noi iniziano a sentire i primi segni di cambiamento nella #pelle. Il passaggio dall'inverno alla primavera pu\u00f2 portare con s\u00e9 una serie di #traumi #cutanei, causati principalmente dalle variazioni #climatiche e #ambientali. La pelle, che \u00e8 l'organo pi\u00f9 grande del #corpo #umano, pu\u00f2 subire\u2026","rel":"","context":"In &quot;I Consigli del Tuo Farmacista&quot;","block_context":{"text":"I Consigli del Tuo Farmacista","link":"https:\/\/www.farmaciatacconi.it\/cms2\/category\/informative\/"},"img":{"alt_text":"","src":"https:\/\/i0.wp.com\/www.farmaciatacconi.it\/cms2\/wp-content\/uploads\/2024\/02\/38498328432.jpg?resize=350%2C200&ssl=1","width":350,"height":200,"srcset":"https:\/\/i0.wp.com\/www.farmaciatacconi.it\/cms2\/wp-content\/uploads\/2024\/02\/38498328432.jpg?resize=350%2C200&ssl=1 1x, https:\/\/i0.wp.com\/www.farmaciatacconi.it\/cms2\/wp-content\/uploads\/2024\/02\/38498328432.jpg?resize=525%2C300&ssl=1 1.5x, https:\/\/i0.wp.com\/www.farmaciatacconi.it\/cms2\/wp-content\/uploads\/2024\/02\/38498328432.jpg?resize=700%2C400&ssl=1 2x, https:\/\/i0.wp.com\/www.farmaciatacconi.it\/cms2\/wp-content\/uploads\/2024\/02\/38498328432.jpg?resize=1050%2C600&ssl=1 3x, https:\/\/i0.wp.com\/www.farmaciatacconi.it\/cms2\/wp-content\/uploads\/2024\/02\/38498328432.jpg?resize=1400%2C800&ssl=1 4x"},"classes":[]},{"id":1431,"url":"https:\/\/www.farmaciatacconi.it\/cms2\/2020\/01\/20\/ecco-i-rimedi-per-la-pelle-arrossata-dermatite-rosacea\/","url_meta":{"origin":4843,"position":2},"title":"Ecco i rimedi per la pelle arrossata (dermatite &#8220;Rosacea&#8221;)","author":"Farmacia Tacconi","date":"Lun 20\/01\/2020","format":false,"excerpt":"Per \"Rosacea\" si intende una dermatite cronica infiammatoria, solitamente localizzata nella zona del viso \ud83d\udc69\ud83c\udffb, che pu\u00f2 interessare anche gli occhi (in questo caso si parla di \"Rosacea oculare\"), consistente in un\u2019alterazione patologica della cute che si manifesta con eritema, con teleangectasie e\/o con lesioni infiammatorie di tipo acneiforme. Questa\u2026","rel":"","context":"In &quot;I Consigli del Tuo Farmacista&quot;","block_context":{"text":"I Consigli del Tuo Farmacista","link":"https:\/\/www.farmaciatacconi.it\/cms2\/category\/informative\/"},"img":{"alt_text":"","src":"https:\/\/i0.wp.com\/www.farmaciatacconi.it\/cms2\/wp-content\/uploads\/2020\/01\/rosacea_001.jpg?resize=350%2C200&ssl=1","width":350,"height":200,"srcset":"https:\/\/i0.wp.com\/www.farmaciatacconi.it\/cms2\/wp-content\/uploads\/2020\/01\/rosacea_001.jpg?resize=350%2C200&ssl=1 1x, https:\/\/i0.wp.com\/www.farmaciatacconi.it\/cms2\/wp-content\/uploads\/2020\/01\/rosacea_001.jpg?resize=525%2C300&ssl=1 1.5x"},"classes":[]},{"id":5178,"url":"https:\/\/www.farmaciatacconi.it\/cms2\/2025\/07\/10\/%e2%9c%85dermocosmesi-e-invecchiamento-prevenzione-e-trattamento-durante-lestate\/","url_meta":{"origin":4843,"position":3},"title":"\u2705Dermocosmesi e Invecchiamento: Prevenzione e Trattamento durante l&#8217;Estate","author":"Farmacia Tacconi","date":"Gio 10\/07\/2025","format":false,"excerpt":"\ud83c\udf1e L'#estate \u00e8 finalmente arrivata e con essa la voglia di #sole, #mare e #relax! Ma attenzione: mentre ci godiamo le giornate al sole, la nostra #pelle ha bisogno di qualche #coccola in pi\u00f9 per rimanere #giovane e #radiosa. I #raggiUV possono essere dei veri e propri #nemici per la\u2026","rel":"","context":"In &quot;I Consigli del Tuo Farmacista&quot;","block_context":{"text":"I Consigli del Tuo Farmacista","link":"https:\/\/www.farmaciatacconi.it\/cms2\/category\/informative\/"},"img":{"alt_text":"","src":"https:\/\/i0.wp.com\/www.farmaciatacconi.it\/cms2\/wp-content\/uploads\/2025\/07\/9843958349.jpg?resize=350%2C200&ssl=1","width":350,"height":200,"srcset":"https:\/\/i0.wp.com\/www.farmaciatacconi.it\/cms2\/wp-content\/uploads\/2025\/07\/9843958349.jpg?resize=350%2C200&ssl=1 1x, https:\/\/i0.wp.com\/www.farmaciatacconi.it\/cms2\/wp-content\/uploads\/2025\/07\/9843958349.jpg?resize=525%2C300&ssl=1 1.5x, https:\/\/i0.wp.com\/www.farmaciatacconi.it\/cms2\/wp-content\/uploads\/2025\/07\/9843958349.jpg?resize=700%2C400&ssl=1 2x, https:\/\/i0.wp.com\/www.farmaciatacconi.it\/cms2\/wp-content\/uploads\/2025\/07\/9843958349.jpg?resize=1050%2C600&ssl=1 3x, https:\/\/i0.wp.com\/www.farmaciatacconi.it\/cms2\/wp-content\/uploads\/2025\/07\/9843958349.jpg?resize=1400%2C800&ssl=1 4x"},"classes":[]},{"id":938,"url":"https:\/\/www.farmaciatacconi.it\/cms2\/2019\/10\/15\/la-terapia-del-calore-termoterapia\/","url_meta":{"origin":4843,"position":4},"title":"La Terapia del Calore (TermoTerapia)","author":"Farmacia Tacconi","date":"Mar 15\/10\/2019","format":false,"excerpt":"Con termoterapia (dal greco \u03b8\u03ad\u03c1\u03bc\u03b7 \"calore\" e \u03b8\u03b5\u03c1\u03b1\u03c0\u03b5\u03af\u03b1 \"cura\") o terapia termica si intende il ricorso al calore per scopi terapeutici. Questo termine viene generalmente utilizzato per riferirsi alle terapie che sfruttano il calore con finalit\u00e0 analgesiche o lenitive. L\u2019effetto diretto della termoterapia \u00e8 quello di determinare una vasodilatazione che\u2026","rel":"","context":"In &quot;I Consigli del Tuo Farmacista&quot;","block_context":{"text":"I Consigli del Tuo Farmacista","link":"https:\/\/www.farmaciatacconi.it\/cms2\/category\/informative\/"},"img":{"alt_text":"","src":"https:\/\/i0.wp.com\/www.farmaciatacconi.it\/cms2\/wp-content\/uploads\/2019\/10\/termoterapia-580x360.jpg?resize=350%2C200&ssl=1","width":350,"height":200,"srcset":"https:\/\/i0.wp.com\/www.farmaciatacconi.it\/cms2\/wp-content\/uploads\/2019\/10\/termoterapia-580x360.jpg?resize=350%2C200&ssl=1 1x, https:\/\/i0.wp.com\/www.farmaciatacconi.it\/cms2\/wp-content\/uploads\/2019\/10\/termoterapia-580x360.jpg?resize=525%2C300&ssl=1 1.5x"},"classes":[]},{"id":4321,"url":"https:\/\/www.farmaciatacconi.it\/cms2\/2023\/07\/31\/%e2%9c%85-leczema-solare-prevenzione-e-cura-ecco-come\/","url_meta":{"origin":4843,"position":5},"title":"\u2705 L&#8217;ECZEMA SOLARE: prevenzione e cura &#8211; ecco come","author":"Farmacia Tacconi","date":"Lun 31\/07\/2023","format":false,"excerpt":"L'arrivo dell'#estate porta con s\u00e9 momenti di #relax e divertimento all'aria aperta, ma per alcune #persone pu\u00f2 significare anche affrontare l'#eczema solare. Questo fastidioso #disturbo #cutaneo \u00e8 una #reazione anomala della pelle alla #luce #solare, che pu\u00f2 causare prurito, arrossamento e #vesciche. Per fortuna, con la giusta prevenzione e trattamento,\u2026","rel":"","context":"In &quot;I Consigli del Tuo Farmacista&quot;","block_context":{"text":"I Consigli del Tuo Farmacista","link":"https:\/\/www.farmaciatacconi.it\/cms2\/category\/informative\/"},"img":{"alt_text":"","src":"https:\/\/i0.wp.com\/www.farmaciatacconi.it\/cms2\/wp-content\/uploads\/2023\/07\/856985496.jpg?resize=350%2C200&ssl=1","width":350,"height":200,"srcset":"https:\/\/i0.wp.com\/www.farmaciatacconi.it\/cms2\/wp-content\/uploads\/2023\/07\/856985496.jpg?resize=350%2C200&ssl=1 1x, https:\/\/i0.wp.com\/www.farmaciatacconi.it\/cms2\/wp-content\/uploads\/2023\/07\/856985496.jpg?resize=525%2C300&ssl=1 1.5x, https:\/\/i0.wp.com\/www.farmaciatacconi.it\/cms2\/wp-content\/uploads\/2023\/07\/856985496.jpg?resize=700%2C400&ssl=1 2x, https:\/\/i0.wp.com\/www.farmaciatacconi.it\/cms2\/wp-content\/uploads\/2023\/07\/856985496.jpg?resize=1050%2C600&ssl=1 3x, https:\/\/i0.wp.com\/www.farmaciatacconi.it\/cms2\/wp-content\/uploads\/2023\/07\/856985496.jpg?resize=1400%2C800&ssl=1 4x"},"classes":[]}],"_links":{"self":[{"href":"https:\/\/www.farmaciatacconi.it\/cms2\/wp-json\/wp\/v2\/posts\/4843","targetHints":{"allow":["GET"]}}],"collection":[{"href":"https:\/\/www.farmaciatacconi.it\/cms2\/wp-json\/wp\/v2\/posts"}],"about":[{"href":"https:\/\/www.farmaciatacconi.it\/cms2\/wp-json\/wp\/v2\/types\/post"}],"author":[{"embeddable":true,"href":"https:\/\/www.farmaciatacconi.it\/cms2\/wp-json\/wp\/v2\/users\/1"}],"replies":[{"embeddable":true,"href":"https:\/\/www.farmaciatacconi.it\/cms2\/wp-json\/wp\/v2\/comments?post=4843"}],"version-history":[{"count":1,"href":"https:\/\/www.farmaciatacconi.it\/cms2\/wp-json\/wp\/v2\/posts\/4843\/revisions"}],"predecessor-version":[{"id":4845,"href":"https:\/\/www.farmaciatacconi.it\/cms2\/wp-json\/wp\/v2\/posts\/4843\/revisions\/4845"}],"wp:featuredmedia":[{"embeddable":true,"href":"https:\/\/www.farmaciatacconi.it\/cms2\/wp-json\/wp\/v2\/media\/4844"}],"wp:attachment":[{"href":"https:\/\/www.farmaciatacconi.it\/cms2\/wp-json\/wp\/v2\/media?parent=4843"}],"wp:term":[{"taxonomy":"category","embeddable":true,"href":"https:\/\/www.farmaciatacconi.it\/cms2\/wp-json\/wp\/v2\/categories?post=4843"},{"taxonomy":"post_tag","embeddable":true,"href":"https:\/\/www.farmaciatacconi.it\/cms2\/wp-json\/wp\/v2\/tags?post=4843"}],"curies":[{"name":"wp","href":"https:\/\/api.w.org\/{rel}","templated":true}]}}