{"id":4556,"date":"2024-01-06T08:00:00","date_gmt":"2024-01-06T07:00:00","guid":{"rendered":"https:\/\/www.farmaciatacconi.it\/cms2\/?p=4556"},"modified":"2024-06-05T03:54:24","modified_gmt":"2024-06-05T01:54:24","slug":"%f0%9f%a7%99%e2%99%80%ef%b8%8f-lepifania-tutte-le-feste-se-le-porta-via-%f0%9f%98%89-2","status":"publish","type":"post","link":"https:\/\/www.farmaciatacconi.it\/cms2\/2024\/01\/06\/%f0%9f%a7%99%e2%99%80%ef%b8%8f-lepifania-tutte-le-feste-se-le-porta-via-%f0%9f%98%89-2\/","title":{"rendered":"\ud83e\uddd9\u200d\u2640\ufe0f L&#8217;Epifania tutte le feste se le porta via \ud83d\ude09"},"content":{"rendered":"\n<p>L&#8217;etimologia del termine &#8220;#epifania&#8221; affonda le sue radici nella lingua greca antica, provenendo dal verbo epif\u00e0ino (\u1f10\u03c0\u03b9\u03c6\u03b1\u03af\u03bd\u03c9), che si traduce come &#8220;manifesto la mia presenza&#8221;, e dal sostantivo femminile epif\u00e0neia (\u1f10\u03c0\u03b9\u03c6\u03ac\u03bd\u03b5\u03b9\u03b1), con il significato di &#8220;apparizione&#8221;, &#8220;manifestazione divina&#8221; o &#8220;venuta&#8221;. Sin dai tempi di Giovanni Crisostomo, il concetto associato a questo termine si \u00e8 arricchito, legandosi strettamente alla nascita di Ges\u00f9.<\/p>\n\n\n\n<p>L&#8217;Epifania assume una rilevanza significativa nelle liturgie delle Chiese cattolica, ortodossa e anglicana, posizionandosi come una delle massime solennit\u00e0 nell&#8217;arco dell&#8217;anno liturgico, in parallelo a celebrazioni come la Pasqua, il Natale e la Pentecoste. Per i cattolici, essa rappresenta persino una festa di obbligo. Nei territori in cui non gode di riconoscimento come giorno festivo civile, la celebrazione \u00e8 spostata alla domenica compresa tra il 2 e l&#8217;8 gennaio, marcando cos\u00ec l&#8217;epilogo delle celebrazioni natalizie.<\/p>\n\n\n\n<p>Curiosamente, l&#8217;Epifania viene talvolta impropriamente associata al termine profano &#8220;#Befana&#8221;, una sorta di distorsione lessicale di &#8220;Epifania&#8221;. Tale denominazione, proveniente dal greco \u1f10\u03c0\u03b9\u03c6\u03ac\u03bd\u03b5\u03b9\u03b1 (epif\u00e1neia) con passaggi attraverso bifan\u00eca e befan\u00eca, ha origini linguistiche complesse. La figura della Befana, originariamente tipica di alcune regioni italiane, ha poi trovato diffusione in tutta la penisola, assumendo connotazioni folcloristiche legate a questa festivit\u00e0.<\/p>\n\n\n<div class=\"wp-block-image\">\n<figure class=\"aligncenter size-large\"><img fetchpriority=\"high\" decoding=\"async\" width=\"770\" height=\"1024\" src=\"https:\/\/www.farmaciatacconi.it\/cms2\/wp-content\/uploads\/2023\/01\/image-770x1024.png\" alt=\"\" class=\"wp-image-3891\" srcset=\"https:\/\/www.farmaciatacconi.it\/cms2\/wp-content\/uploads\/2023\/01\/image-770x1024.png 770w, https:\/\/www.farmaciatacconi.it\/cms2\/wp-content\/uploads\/2023\/01\/image-226x300.png 226w, https:\/\/www.farmaciatacconi.it\/cms2\/wp-content\/uploads\/2023\/01\/image-768x1021.png 768w, https:\/\/www.farmaciatacconi.it\/cms2\/wp-content\/uploads\/2023\/01\/image.png 800w\" sizes=\"(max-width: 770px) 100vw, 770px\" \/><\/figure><\/div>\n\n\n<blockquote class=\"wp-block-quote is-layout-flow wp-block-quote-is-layout-flow\">\n<p class=\"has-medium-font-size\">Qualunque sia l&#8217;origine vera di questa antichissima festivit\u00e0, non possiamo che augurare a tutti che la nostra cara &#8220;befana&#8221; della tradizione porti tanti bei dolciumi nella caratteristiche calze! \ud83d\ude09<\/p>\n<\/blockquote>\n\n\n\n<p class=\"has-text-align-right\"><em><strong>Dott. #MauroTacconi <\/strong>e tutto lo Staff della #FarmaciaTacconi<\/em><\/p>\n\n\n\n<hr class=\"wp-block-separator has-css-opacity\"\/>\n\n\n<ul class=\"wp-block-latest-posts__list is-grid columns-3 has-dates aligncenter wp-block-latest-posts\"><li><div class=\"wp-block-latest-posts__featured-image aligncenter\"><img decoding=\"async\" width=\"150\" height=\"150\" src=\"https:\/\/www.farmaciatacconi.it\/cms2\/wp-content\/uploads\/2026\/04\/59349854859-150x150.jpg\" class=\"attachment-thumbnail size-thumbnail wp-post-image\" alt=\"\" style=\"\" srcset=\"https:\/\/www.farmaciatacconi.it\/cms2\/wp-content\/uploads\/2026\/04\/59349854859-150x150.jpg 150w, https:\/\/www.farmaciatacconi.it\/cms2\/wp-content\/uploads\/2026\/04\/59349854859-300x300.jpg 300w\" sizes=\"(max-width: 150px) 100vw, 150px\" \/><\/div><a class=\"wp-block-latest-posts__post-title\" href=\"https:\/\/www.farmaciatacconi.it\/cms2\/2026\/04\/24\/%f0%9f%92%a1-offerta-vichy-8e-di-sconto-immediato\/\">\ud83d\udca1 OFFERTA VICHY\u00ae: 8\u20ac di SCONTO immediato!<\/a><time datetime=\"2026-04-24T09:37:36+02:00\" class=\"wp-block-latest-posts__post-date\">Ven 24\/04\/2026<\/time><div class=\"wp-block-latest-posts__post-excerpt\">Vieni a trovarci in \ud83d\udc99#FarmaciaTacconi\ud83d\udc99 in zona #Finocchio #ViadiPrataporci #ViaCasilina per la grande&hellip;<\/div><\/li>\n<li><div class=\"wp-block-latest-posts__featured-image aligncenter\"><img decoding=\"async\" width=\"150\" height=\"150\" src=\"https:\/\/www.farmaciatacconi.it\/cms2\/wp-content\/uploads\/2026\/04\/immagine-150x150.png\" class=\"attachment-thumbnail size-thumbnail wp-post-image\" alt=\"\" style=\"\" srcset=\"https:\/\/www.farmaciatacconi.it\/cms2\/wp-content\/uploads\/2026\/04\/immagine-150x150.png 150w, https:\/\/www.farmaciatacconi.it\/cms2\/wp-content\/uploads\/2026\/04\/immagine-300x300.png 300w\" sizes=\"(max-width: 150px) 100vw, 150px\" \/><\/div><a class=\"wp-block-latest-posts__post-title\" href=\"https:\/\/www.farmaciatacconi.it\/cms2\/2026\/04\/22\/%f0%9f%92%84evento-22-aprile-makeup-professionale-in-farmacia-%f0%9f%92%96-non-mancare\/\">\ud83d\udc84EVENTO 22 APRILE #MAKEUP PROFESSIONALE IN FARMACIA! \ud83d\udc96 Non mancare!<\/a><time datetime=\"2026-04-22T09:00:00+02:00\" class=\"wp-block-latest-posts__post-date\">Mer 22\/04\/2026<\/time><div class=\"wp-block-latest-posts__post-excerpt\">Oggi 22 Aprile in \ud83d\udc99 #FarmaciaTacconi \ud83d\udc99 in zona #Finocchio #ViadiPrataporci #ViaCasilina siete&hellip;<\/div><\/li>\n<li><div class=\"wp-block-latest-posts__featured-image aligncenter\"><img loading=\"lazy\" decoding=\"async\" width=\"150\" height=\"150\" src=\"https:\/\/www.farmaciatacconi.it\/cms2\/wp-content\/uploads\/2026\/04\/54985943895-150x150.jpg\" class=\"attachment-thumbnail size-thumbnail wp-post-image\" alt=\"\" style=\"\" srcset=\"https:\/\/www.farmaciatacconi.it\/cms2\/wp-content\/uploads\/2026\/04\/54985943895-150x150.jpg 150w, https:\/\/www.farmaciatacconi.it\/cms2\/wp-content\/uploads\/2026\/04\/54985943895-300x300.jpg 300w\" sizes=\"(max-width: 150px) 100vw, 150px\" \/><\/div><a class=\"wp-block-latest-posts__post-title\" href=\"https:\/\/www.farmaciatacconi.it\/cms2\/2026\/04\/20\/%f0%9f%9f%a2-evento-22-aprile-makeup-%f0%9f%92%84professionale-in-farmacia-%f0%9f%92%96-non-mancare\/\">\ud83d\udfe2 EVENTO 22 APRILE #MAKEUP \ud83d\udc84PROFESSIONALE IN FARMACIA! \ud83d\udc96 Non mancare!<\/a><time datetime=\"2026-04-20T09:00:00+02:00\" class=\"wp-block-latest-posts__post-date\">Lun 20\/04\/2026<\/time><div class=\"wp-block-latest-posts__post-excerpt\">Il 22 Aprile in \ud83d\udc99 #FarmaciaTacconi \ud83d\udc99 in zona #Finocchio #ViadiPrataporci #ViaCasilina siete&hellip;<\/div><\/li>\n<li><div class=\"wp-block-latest-posts__featured-image aligncenter\"><img loading=\"lazy\" decoding=\"async\" width=\"150\" height=\"150\" src=\"https:\/\/www.farmaciatacconi.it\/cms2\/wp-content\/uploads\/2026\/04\/498259458-150x150.jpg\" class=\"attachment-thumbnail size-thumbnail wp-post-image\" alt=\"\" style=\"\" srcset=\"https:\/\/www.farmaciatacconi.it\/cms2\/wp-content\/uploads\/2026\/04\/498259458-150x150.jpg 150w, https:\/\/www.farmaciatacconi.it\/cms2\/wp-content\/uploads\/2026\/04\/498259458-300x300.jpg 300w\" sizes=\"(max-width: 150px) 100vw, 150px\" \/><\/div><a class=\"wp-block-latest-posts__post-title\" href=\"https:\/\/www.farmaciatacconi.it\/cms2\/2026\/04\/17\/dolomia%f0%9f%92%84-30-subito-sui-fondotinta-per-una-base-perfetta\/\">Dolomia\ud83d\udc84: -30% SUBITO sui #fondotinta per una base perfetta!<\/a><time datetime=\"2026-04-17T09:00:00+02:00\" class=\"wp-block-latest-posts__post-date\">Ven 17\/04\/2026<\/time><div class=\"wp-block-latest-posts__post-excerpt\">Presso la nostra #FarmaciaTacconi a #Finocchio lungo la storica #ViaCasilina, siamo felici di&hellip;<\/div><\/li>\n<li><div class=\"wp-block-latest-posts__featured-image aligncenter\"><img loading=\"lazy\" decoding=\"async\" width=\"150\" height=\"150\" src=\"https:\/\/www.farmaciatacconi.it\/cms2\/wp-content\/uploads\/2026\/04\/3984942598-150x150.jpg\" class=\"attachment-thumbnail size-thumbnail wp-post-image\" alt=\"\" style=\"\" srcset=\"https:\/\/www.farmaciatacconi.it\/cms2\/wp-content\/uploads\/2026\/04\/3984942598-150x150.jpg 150w, https:\/\/www.farmaciatacconi.it\/cms2\/wp-content\/uploads\/2026\/04\/3984942598-300x300.jpg 300w\" sizes=\"(max-width: 150px) 100vw, 150px\" \/><\/div><a class=\"wp-block-latest-posts__post-title\" href=\"https:\/\/www.farmaciatacconi.it\/cms2\/2026\/04\/16\/%e2%9a%a1%ef%b8%8fofferta-a-tempo-apivita-%f0%9f%90%9d-25-subito-sulla-linea-queen-bee\/\">\u26a1\ufe0fOFFERTA a tempo APIVITA \ud83d\udc1d: -25% SUBITO sulla linea QUEEN BEE<\/a><time datetime=\"2026-04-16T09:00:00+02:00\" class=\"wp-block-latest-posts__post-date\">Gio 16\/04\/2026<\/time><div class=\"wp-block-latest-posts__post-excerpt\">Scopri la linea #QueenBee di #APIVITA in #offerta speciale nella nostra #farmaciatacconi.it: -25%&hellip;<\/div><\/li>\n<li><div class=\"wp-block-latest-posts__featured-image aligncenter\"><img loading=\"lazy\" decoding=\"async\" width=\"150\" height=\"150\" src=\"https:\/\/www.farmaciatacconi.it\/cms2\/wp-content\/uploads\/2026\/04\/4858478574-1-150x150.jpg\" class=\"attachment-thumbnail size-thumbnail wp-post-image\" alt=\"\" style=\"\" srcset=\"https:\/\/www.farmaciatacconi.it\/cms2\/wp-content\/uploads\/2026\/04\/4858478574-1-150x150.jpg 150w, https:\/\/www.farmaciatacconi.it\/cms2\/wp-content\/uploads\/2026\/04\/4858478574-1-300x300.jpg 300w\" sizes=\"(max-width: 150px) 100vw, 150px\" \/><\/div><a class=\"wp-block-latest-posts__post-title\" href=\"https:\/\/www.farmaciatacconi.it\/cms2\/2026\/04\/09\/la-roche-posay-12e-subito-sulla-linea-%f0%9f%a7%b4effeclar\/\">LA ROCHE POSAY: -12\u20ac SUBITO sulla linea \ud83e\uddf4EFFACLAR<\/a><time datetime=\"2026-04-09T09:00:00+02:00\" class=\"wp-block-latest-posts__post-date\">Gio 09\/04\/2026<\/time><div class=\"wp-block-latest-posts__post-excerpt\">Dal 6 al 19 aprile approfitta dello sconto di 12\u20ac sull\u2019acquisto di due&hellip;<\/div><\/li>\n<\/ul>\n\n\n<p class=\"has-text-align-center\"><a rel=\"noreferrer noopener\" href=\"https:\/\/www.facebook.com\/hashtag\/farmaciafinocchio?source=note&amp;epa=HASHTAG\" target=\"_blank\">#farmaciafinocchio<\/a> <a rel=\"noreferrer noopener\" href=\"https:\/\/www.facebook.com\/hashtag\/farmaciaborgatafinocchio?source=note&amp;epa=HASHTAG\" target=\"_blank\">#farmaciaborgatafinocchio<\/a> <a rel=\"noreferrer noopener\" href=\"https:\/\/www.facebook.com\/hashtag\/farmaciaborghesiana?source=note&amp;epa=HASHTAG\" target=\"_blank\">#farmaciaborghesiana<\/a> <a rel=\"noreferrer noopener\" href=\"https:\/\/www.facebook.com\/hashtag\/salute?source=note&amp;epa=HASHTAG\" target=\"_blank\">#salute<\/a>  <a rel=\"noreferrer noopener\" href=\"https:\/\/www.facebook.com\/hashtag\/farmaciaromasud?source=note&amp;epa=HASHTAG\" target=\"_blank\">#farmaciaromasud<\/a> <a rel=\"noreferrer noopener\" href=\"https:\/\/www.facebook.com\/hashtag\/farmacia?source=note&amp;epa=HASHTAG\" target=\"_blank\">#farmacia<\/a> <a rel=\"noreferrer noopener\" href=\"https:\/\/www.facebook.com\/hashtag\/farmaciaroma?source=note&amp;epa=HASHTAG\" target=\"_blank\">#farmaciaroma<\/a> <a rel=\"noreferrer noopener\" href=\"https:\/\/www.facebook.com\/hashtag\/farmacie?source=note&amp;epa=HASHTAG\" target=\"_blank\">#farmacie<\/a> <a rel=\"noreferrer noopener\" href=\"https:\/\/www.facebook.com\/hashtag\/farmaciavermicino?source=note&amp;epa=HASHTAG\" target=\"_blank\">#farmaciavermicino<\/a> <a rel=\"noreferrer noopener\" href=\"https:\/\/www.facebook.com\/hashtag\/farmaciatacconi?source=note&amp;epa=HASHTAG\" target=\"_blank\">#farmaciatacconi<\/a> <a rel=\"noreferrer noopener\" href=\"https:\/\/www.facebook.com\/hashtag\/farmaciamaurotacconi?source=note&amp;epa=HASHTAG\" target=\"_blank\">#farmaciamaurotacconi<\/a> <a rel=\"noreferrer noopener\" href=\"https:\/\/www.facebook.com\/hashtag\/farmaciadrmaurotacconi?source=note&amp;epa=HASHTAG\" target=\"_blank\">#farmaciadrmaurotacconi<\/a> <a rel=\"noreferrer noopener\" href=\"https:\/\/www.facebook.com\/hashtag\/farmaciaviacasilina?source=note&amp;epa=HASHTAG\" target=\"_blank\">#farmaciaviacasilina<\/a> <a rel=\"noreferrer noopener\" href=\"https:\/\/www.facebook.com\/hashtag\/farmaciaditurno?source=note&amp;epa=HASHTAG\" target=\"_blank\">#farmaciaditurno<\/a> <a rel=\"noreferrer noopener\" href=\"https:\/\/www.facebook.com\/hashtag\/farmaciaborgata?source=note&amp;epa=HASHTAG\" target=\"_blank\">#farmaciaborgata<\/a> <a rel=\"noreferrer noopener\" href=\"https:\/\/www.facebook.com\/hashtag\/farmaciaquartiere?source=note&amp;epa=HASHTAG\" target=\"_blank\">#farmaciaquartiere<\/a> <a rel=\"noreferrer noopener\" href=\"https:\/\/www.facebook.com\/hashtag\/farmaciametroc?source=note&amp;epa=HASHTAG\" target=\"_blank\">#farmaciametroc<\/a> <a rel=\"noreferrer noopener\" href=\"https:\/\/www.facebook.com\/hashtag\/farmacialungoviacasilina?source=note&amp;epa=HASHTAG\" target=\"_blank\">#farmacialungoviacasilina<\/a> <a rel=\"noreferrer noopener\" href=\"https:\/\/www.facebook.com\/hashtag\/farmaciabenessere?source=note&amp;epa=HASHTAG\" target=\"_blank\">#farmaciabenessere<\/a> <a rel=\"noreferrer noopener\" href=\"https:\/\/www.facebook.com\/hashtag\/erboristeriafinocchio?source=note&amp;epa=HASHTAG\" target=\"_blank\">#erboristeriafinocchio<\/a> <a rel=\"noreferrer noopener\" href=\"https:\/\/www.facebook.com\/hashtag\/erboristeriacasilina?source=note&amp;epa=HASHTAG\" target=\"_blank\">#erboristeriacasilina<\/a> <a rel=\"noreferrer noopener\" href=\"https:\/\/www.facebook.com\/hashtag\/medicinanaturale?source=note&amp;epa=HASHTAG\" target=\"_blank\">#medicinanaturale<\/a> <a rel=\"noreferrer noopener\" href=\"https:\/\/www.facebook.com\/hashtag\/omeopatiafinocchio?source=note&amp;epa=HASHTAG\" target=\"_blank\">#omeopatiafinocchio<\/a> <a rel=\"noreferrer noopener\" href=\"https:\/\/www.facebook.com\/hashtag\/omeopatia?source=note&amp;epa=HASHTAG\" target=\"_blank\">#omeopatia<\/a> <a rel=\"noreferrer noopener\" href=\"https:\/\/www.facebook.com\/hashtag\/omeopatiacasilina?source=note&amp;epa=HASHTAG\" target=\"_blank\">#omeopatiacasilina<\/a> <a rel=\"noreferrer noopener\" href=\"https:\/\/www.facebook.com\/hashtag\/terapiadeldolore?source=note&amp;epa=HASHTAG\" target=\"_blank\">#terapiadeldolore<\/a> #influenza #probiotici #antibiotici #integratori #tornainlinea #somatoline<\/p>\n\n\n\n<p class=\"has-text-align-center\"><strong>#insiemecelapossiamofare #tuttoandr\u00e0bene<\/strong><\/p>\n\n\n\n<h3 class=\"wp-block-heading has-text-align-center\">\ud83d\udc99 <strong><a href=\"http:\/\/www.farmaciatacconi.it\">FARMACIA TACCONI<\/a><\/strong> \ud83d\udc99<\/h3>\n\n\n\n<h3 class=\"wp-block-heading has-text-align-center\">= <em>La <a href=\"http:\/\/www.farmaciatacconi.it\">Farmacia<\/a> di fiducia del TUO quartiere<\/em> =<\/h3>\n\n\n\n<p class=\"has-text-align-center\">[U<em>nica Sede \u2013 Farmacia di Turno Aperta \u2013 <strong>Oltre 250 MQ di esposizione<\/strong> \u2013 Zona Finocchio Borghesiana]<\/em><\/p>\n\n\n\n<p class=\"has-text-align-center\">\ud83e\udded <strong>Via di Prataporci n.4 \u2013 00132 ROMA<\/strong><\/p>\n\n\n\n<p class=\"has-text-align-center\"><em>[Incrocio lungo la Via Casilina]<\/em><br><br>\ud83d\udd17 http:\/\/<a href=\"http:\/\/www.farmaciatacconi.it\">www.farmaciatacconi.it<\/a><br>\u2709\ufe0f <a href=\"mailto:info@farmaciatacconi.it\">info@farmaciatacconi.it<\/a><br>\ud83d\udcde <strong>06 207 60 354<\/strong><br><br><a href=\"https:\/\/t.me\/farmaciatacconi\">Iscriviti ORA gratis<\/a> sul Canale <strong>Telegram <\/strong>della Farmacia:<br><br>\ud83d\udd11 <a href=\"https:\/\/t.me\/farmaciatacconi\">https:\/\/t.me\/farmaciatacconi<\/a><\/p>\n","protected":false},"excerpt":{"rendered":"<p>L&#8217;etimologia del termine &#8220;#epifania&#8221; affonda le sue radici nella lingua greca antica, provenendo dal verbo epif\u00e0ino (\u1f10\u03c0\u03b9\u03c6\u03b1\u03af\u03bd\u03c9), che si traduce come &#8220;manifesto la mia presenza&#8221;, e dal sostantivo femminile epif\u00e0neia (\u1f10\u03c0\u03b9\u03c6\u03ac\u03bd\u03b5\u03b9\u03b1), con il significato di &#8220;apparizione&#8221;, &#8220;manifestazione divina&#8221; o &#8220;venuta&#8221;. Sin dai tempi di Giovanni Crisostomo, il concetto associato a questo termine si \u00e8 arricchito,&hellip;<\/p>\n","protected":false},"author":1,"featured_media":3891,"comment_status":"closed","ping_status":"closed","sticky":false,"template":"","format":"standard","meta":{"jetpack_post_was_ever_published":false,"_jetpack_newsletter_access":"","_jetpack_dont_email_post_to_subs":false,"_jetpack_newsletter_tier_id":0,"_jetpack_memberships_contains_paywalled_content":false,"_jetpack_memberships_contains_paid_content":false,"footnotes":"","jetpack_publicize_message":"","jetpack_publicize_feature_enabled":true,"jetpack_social_post_already_shared":true,"jetpack_social_options":{"image_generator_settings":{"template":"highway","default_image_id":0,"font":"","enabled":false},"version":2}},"categories":[14,3],"tags":[1235,1059,1061,1064,1063,1060,1065,1048,1047,661],"class_list":["post-4556","post","type-post","status-publish","format-standard","has-post-thumbnail","hentry","category-calendario","category-news","tag-1235","tag-auguri","tag-augurio","tag-befana","tag-buon-anno","tag-buon-natale","tag-epifania","tag-feste","tag-festivita","tag-regalo"],"jetpack_publicize_connections":[],"jetpack_featured_media_url":"https:\/\/www.farmaciatacconi.it\/cms2\/wp-content\/uploads\/2023\/01\/image.png","jetpack_sharing_enabled":false,"jetpack_likes_enabled":true,"jetpack-related-posts":[{"id":3889,"url":"https:\/\/www.farmaciatacconi.it\/cms2\/2023\/01\/06\/%f0%9f%a7%99%e2%99%80%ef%b8%8f-lepifania-tutte-le-feste-se-le-porta-via-%f0%9f%98%89\/","url_meta":{"origin":4556,"position":0},"title":"\ud83e\uddd9\u200d\u2640\ufe0f L&#8217;Epifania tutte le feste se le porta via \ud83d\ude09","author":"Farmacia Tacconi","date":"Ven 06\/01\/2023","format":false,"excerpt":"Il termine \"#epifania\" deriva dal greco antico, verbo epif\u00e0ino (\u1f10\u03c0\u03b9\u03c6\u03b1\u03af\u03bd\u03c9, che significa \"mi rendo manifesto\"), dal sostantivo femminile epif\u00e0neia (\u1f10\u03c0\u03b9\u03c6\u03ac\u03bd\u03b5\u03b9\u03b1, traducibile con \"manifestazione\", \"apparizione\", \"venuta\", \"presenza divina\"). Sin dai tempi di Giovanni Crisostomo il termine assunse una valenza ulteriore, associata alla nativit\u00e0 di Ges\u00f9. Nelle Chiese cattolica, ortodossa e anglicana\u2026","rel":"","context":"In &quot;Calendario&quot;","block_context":{"text":"Calendario","link":"https:\/\/www.farmaciatacconi.it\/cms2\/category\/calendario\/"},"img":{"alt_text":"Di Tiguliano - Opera propria, CC BY-SA 4.0, https:\/\/commons.wikimedia.org\/w\/index.php?curid=75595553","src":"https:\/\/i0.wp.com\/www.farmaciatacconi.it\/cms2\/wp-content\/uploads\/2023\/01\/image.png?resize=350%2C200&ssl=1","width":350,"height":200,"srcset":"https:\/\/i0.wp.com\/www.farmaciatacconi.it\/cms2\/wp-content\/uploads\/2023\/01\/image.png?resize=350%2C200&ssl=1 1x, https:\/\/i0.wp.com\/www.farmaciatacconi.it\/cms2\/wp-content\/uploads\/2023\/01\/image.png?resize=525%2C300&ssl=1 1.5x, https:\/\/i0.wp.com\/www.farmaciatacconi.it\/cms2\/wp-content\/uploads\/2023\/01\/image.png?resize=700%2C400&ssl=1 2x"},"classes":[]},{"id":4972,"url":"https:\/\/www.farmaciatacconi.it\/cms2\/2025\/01\/06\/%f0%9f%8e%89-buona-befana-dalla-tua-farmacia-di-fiducia-%f0%9f%8e%89\/","url_meta":{"origin":4556,"position":1},"title":"\ud83c\udf89 Buona Befana dalla tua Farmacia di Fiducia! \ud83c\udf89","author":"Farmacia Tacconi","date":"Lun 06\/01\/2025","format":false,"excerpt":"In questa giornata speciale auguriamo a tutti voi tanta #salute, serenit\u00e0 e un pizzico di #magia! Che la #Befana porti dolcezza, ma anche il nostro impegno quotidiano per il vostro #benessere. Siamo sempre qui per prenderci cura di voi e delle vostre #famiglie. \ud83e\uddf9\u2728 Buona Epifania! \ud83c\udf1fLa vostra Farmacia \u2764\ufe0f\u2026","rel":"","context":"In &quot;Calendario&quot;","block_context":{"text":"Calendario","link":"https:\/\/www.farmaciatacconi.it\/cms2\/category\/calendario\/"},"img":{"alt_text":"","src":"https:\/\/i0.wp.com\/www.farmaciatacconi.it\/cms2\/wp-content\/uploads\/2025\/01\/befana_tac_24-scaled.jpg?resize=350%2C200&ssl=1","width":350,"height":200,"srcset":"https:\/\/i0.wp.com\/www.farmaciatacconi.it\/cms2\/wp-content\/uploads\/2025\/01\/befana_tac_24-scaled.jpg?resize=350%2C200&ssl=1 1x, https:\/\/i0.wp.com\/www.farmaciatacconi.it\/cms2\/wp-content\/uploads\/2025\/01\/befana_tac_24-scaled.jpg?resize=525%2C300&ssl=1 1.5x, https:\/\/i0.wp.com\/www.farmaciatacconi.it\/cms2\/wp-content\/uploads\/2025\/01\/befana_tac_24-scaled.jpg?resize=700%2C400&ssl=1 2x, https:\/\/i0.wp.com\/www.farmaciatacconi.it\/cms2\/wp-content\/uploads\/2025\/01\/befana_tac_24-scaled.jpg?resize=1050%2C600&ssl=1 3x, https:\/\/i0.wp.com\/www.farmaciatacconi.it\/cms2\/wp-content\/uploads\/2025\/01\/befana_tac_24-scaled.jpg?resize=1400%2C800&ssl=1 4x"},"classes":[]},{"id":2553,"url":"https:\/\/www.farmaciatacconi.it\/cms2\/2020\/12\/04\/%e2%84%b9%ef%b8%8f-nuovo-dpcm-per-la-pandemia-le-%e2%9b%94%ef%b8%8f-misure-per-il-natale\/","url_meta":{"origin":4556,"position":2},"title":"\u2139\ufe0f Nuovo #DPCM per la Pandemia: le \u26d4\ufe0f misure per il Natale","author":"Farmacia Tacconi","date":"Ven 04\/12\/2020","format":false,"excerpt":"Nell\u2019infografica di oggi andiamo ad analizzare il nuovo Decreto #DPCM, in vigore da OGGI fino al 15 Gennaio. Spostamenti, coprifuoco, ristoranti, scuole, negozi e centri commerciali, sport, impianti sciistici e crociere: questi i temi affrontati dal Governo in vista del Natale e delle feste. Dal 21 Dicembre al 6 Gennaio\u2026","rel":"","context":"In &quot;Comunicazioni&quot;","block_context":{"text":"Comunicazioni","link":"https:\/\/www.farmaciatacconi.it\/cms2\/category\/comunicazioni\/"},"img":{"alt_text":"","src":"https:\/\/i0.wp.com\/www.farmaciatacconi.it\/cms2\/wp-content\/uploads\/2020\/12\/photo_2020-12-03_23-12-58_r.jpg?resize=350%2C200&ssl=1","width":350,"height":200},"classes":[]},{"id":5370,"url":"https:\/\/www.farmaciatacconi.it\/cms2\/2025\/12\/25\/tanti-tanti-auguri-di-buone-%f0%9f%8c%9f-feste-dalla-farmaciatacconi-2\/","url_meta":{"origin":4556,"position":3},"title":"Tanti tanti Auguri di Buone \ud83c\udf1f Feste dalla #FarmaciaTacconi","author":"Farmacia Tacconi","date":"Gio 25\/12\/2025","format":false,"excerpt":"In questo periodo speciale dell\u2019anno vi porgiamo i nostri pi\u00f9 sentiti auguri di #BuoneFeste. Noi tutti dalla #farmaciaTacconi, guardando al cammino percorso \u2014 tra difficolt\u00e0 e cambiamenti \u2014 desideriamo ringraziarvi per la fiducia che ci avete riservato. Vi auguriamo giorni pieni di gioia, tranquillit\u00e0 e calore accanto alle persone care:\u2026","rel":"","context":"In &quot;Calendario&quot;","block_context":{"text":"Calendario","link":"https:\/\/www.farmaciatacconi.it\/cms2\/category\/calendario\/"},"img":{"alt_text":"","src":"https:\/\/i0.wp.com\/www.farmaciatacconi.it\/cms2\/wp-content\/uploads\/2025\/12\/auguri_2025_49549589.jpg?resize=350%2C200&ssl=1","width":350,"height":200,"srcset":"https:\/\/i0.wp.com\/www.farmaciatacconi.it\/cms2\/wp-content\/uploads\/2025\/12\/auguri_2025_49549589.jpg?resize=350%2C200&ssl=1 1x, https:\/\/i0.wp.com\/www.farmaciatacconi.it\/cms2\/wp-content\/uploads\/2025\/12\/auguri_2025_49549589.jpg?resize=525%2C300&ssl=1 1.5x, https:\/\/i0.wp.com\/www.farmaciatacconi.it\/cms2\/wp-content\/uploads\/2025\/12\/auguri_2025_49549589.jpg?resize=700%2C400&ssl=1 2x, https:\/\/i0.wp.com\/www.farmaciatacconi.it\/cms2\/wp-content\/uploads\/2025\/12\/auguri_2025_49549589.jpg?resize=1050%2C600&ssl=1 3x, https:\/\/i0.wp.com\/www.farmaciatacconi.it\/cms2\/wp-content\/uploads\/2025\/12\/auguri_2025_49549589.jpg?resize=1400%2C800&ssl=1 4x"},"classes":[]},{"id":4541,"url":"https:\/\/www.farmaciatacconi.it\/cms2\/2023\/12\/24\/tanti-tanti-auguri-di-buone-%f0%9f%8c%9f-feste-dalla-farmaciatacconi\/","url_meta":{"origin":4556,"position":4},"title":"Tanti tanti Auguri di Buone \ud83c\udf1f Feste dalla #FarmaciaTacconi","author":"Farmacia Tacconi","date":"Dom 24\/12\/2023","format":false,"excerpt":"In questo magico periodo dell'anno, desideriamo inviarvi i nostri pi\u00f9 sinceri #auguri di #BuoneFeste. In un anno che ha presentato sfide e cambiamenti, ci teniamo a esprimervi la nostra gratitudine per la fiducia che ci avete dimostrato. In questa stagione di #festa, vogliamo augurarvi momenti di gioia, serenit\u00e0 e calore\u2026","rel":"","context":"In &quot;Calendario&quot;","block_context":{"text":"Calendario","link":"https:\/\/www.farmaciatacconi.it\/cms2\/category\/calendario\/"},"img":{"alt_text":"","src":"https:\/\/i0.wp.com\/www.farmaciatacconi.it\/cms2\/wp-content\/uploads\/2022\/12\/auguri_natale_2022.jpg?resize=350%2C200&ssl=1","width":350,"height":200,"srcset":"https:\/\/i0.wp.com\/www.farmaciatacconi.it\/cms2\/wp-content\/uploads\/2022\/12\/auguri_natale_2022.jpg?resize=350%2C200&ssl=1 1x, https:\/\/i0.wp.com\/www.farmaciatacconi.it\/cms2\/wp-content\/uploads\/2022\/12\/auguri_natale_2022.jpg?resize=525%2C300&ssl=1 1.5x, https:\/\/i0.wp.com\/www.farmaciatacconi.it\/cms2\/wp-content\/uploads\/2022\/12\/auguri_natale_2022.jpg?resize=700%2C400&ssl=1 2x, https:\/\/i0.wp.com\/www.farmaciatacconi.it\/cms2\/wp-content\/uploads\/2022\/12\/auguri_natale_2022.jpg?resize=1050%2C600&ssl=1 3x"},"classes":[]},{"id":3886,"url":"https:\/\/www.farmaciatacconi.it\/cms2\/2023\/01\/01\/buon-anno-a-tutti-voi-%f0%9f%8e%89%f0%9f%8e%89%f0%9f%8e%89\/","url_meta":{"origin":4556,"position":5},"title":"Buon Anno a tutti voi! \ud83c\udf89\ud83c\udf89\ud83c\udf89","author":"Farmacia Tacconi","date":"Dom 01\/01\/2023","format":false,"excerpt":"Auguri di #buonanno nuovo a tutti, speriamo in un #2023 migliore e ricco di emozioni positive. Ancora tanti tanti #auguri! \ud83d\udc9d Dott. #MauroTacconi e tutto lo Staff della #FarmaciaTacconi #farmaciafinocchio #farmaciaborgatafinocchio #farmaciaborghesiana #salute #farmaciaromasud #farmacia #farmaciaroma #farmacie #farmaciavermicino #farmaciatacconi #farmaciamaurotacconi #farmaciadrmaurotacconi #farmaciaviacasilina #farmaciaditurno #farmaciaborgata #farmaciaquartiere #farmaciametroc #farmacialungoviacasilina #farmaciabenessere #erboristeriafinocchio #erboristeriacasilina\u2026","rel":"","context":"In &quot;Calendario&quot;","block_context":{"text":"Calendario","link":"https:\/\/www.farmaciatacconi.it\/cms2\/category\/calendario\/"},"img":{"alt_text":"fireworks display over city during night time","src":"https:\/\/i0.wp.com\/www.farmaciatacconi.it\/cms2\/wp-content\/uploads\/2023\/01\/pexels-photo-10824707.jpeg?resize=350%2C200&ssl=1","width":350,"height":200,"srcset":"https:\/\/i0.wp.com\/www.farmaciatacconi.it\/cms2\/wp-content\/uploads\/2023\/01\/pexels-photo-10824707.jpeg?resize=350%2C200&ssl=1 1x, https:\/\/i0.wp.com\/www.farmaciatacconi.it\/cms2\/wp-content\/uploads\/2023\/01\/pexels-photo-10824707.jpeg?resize=525%2C300&ssl=1 1.5x, https:\/\/i0.wp.com\/www.farmaciatacconi.it\/cms2\/wp-content\/uploads\/2023\/01\/pexels-photo-10824707.jpeg?resize=700%2C400&ssl=1 2x, https:\/\/i0.wp.com\/www.farmaciatacconi.it\/cms2\/wp-content\/uploads\/2023\/01\/pexels-photo-10824707.jpeg?resize=1050%2C600&ssl=1 3x, https:\/\/i0.wp.com\/www.farmaciatacconi.it\/cms2\/wp-content\/uploads\/2023\/01\/pexels-photo-10824707.jpeg?resize=1400%2C800&ssl=1 4x"},"classes":[]}],"_links":{"self":[{"href":"https:\/\/www.farmaciatacconi.it\/cms2\/wp-json\/wp\/v2\/posts\/4556","targetHints":{"allow":["GET"]}}],"collection":[{"href":"https:\/\/www.farmaciatacconi.it\/cms2\/wp-json\/wp\/v2\/posts"}],"about":[{"href":"https:\/\/www.farmaciatacconi.it\/cms2\/wp-json\/wp\/v2\/types\/post"}],"author":[{"embeddable":true,"href":"https:\/\/www.farmaciatacconi.it\/cms2\/wp-json\/wp\/v2\/users\/1"}],"replies":[{"embeddable":true,"href":"https:\/\/www.farmaciatacconi.it\/cms2\/wp-json\/wp\/v2\/comments?post=4556"}],"version-history":[{"count":1,"href":"https:\/\/www.farmaciatacconi.it\/cms2\/wp-json\/wp\/v2\/posts\/4556\/revisions"}],"predecessor-version":[{"id":4557,"href":"https:\/\/www.farmaciatacconi.it\/cms2\/wp-json\/wp\/v2\/posts\/4556\/revisions\/4557"}],"wp:featuredmedia":[{"embeddable":true,"href":"https:\/\/www.farmaciatacconi.it\/cms2\/wp-json\/wp\/v2\/media\/3891"}],"wp:attachment":[{"href":"https:\/\/www.farmaciatacconi.it\/cms2\/wp-json\/wp\/v2\/media?parent=4556"}],"wp:term":[{"taxonomy":"category","embeddable":true,"href":"https:\/\/www.farmaciatacconi.it\/cms2\/wp-json\/wp\/v2\/categories?post=4556"},{"taxonomy":"post_tag","embeddable":true,"href":"https:\/\/www.farmaciatacconi.it\/cms2\/wp-json\/wp\/v2\/tags?post=4556"}],"curies":[{"name":"wp","href":"https:\/\/api.w.org\/{rel}","templated":true}]}}