{"id":4447,"date":"2023-10-31T09:20:00","date_gmt":"2023-10-31T08:20:00","guid":{"rendered":"https:\/\/www.farmaciatacconi.it\/cms2\/?p=4447"},"modified":"2023-10-30T23:27:14","modified_gmt":"2023-10-30T22:27:14","slug":"%e2%9c%85-potenzia-le-tue-difese-per-affrontare-linverno-gli-integratori-come-alleati-nella-stagione-fredda","status":"publish","type":"post","link":"https:\/\/www.farmaciatacconi.it\/cms2\/2023\/10\/31\/%e2%9c%85-potenzia-le-tue-difese-per-affrontare-linverno-gli-integratori-come-alleati-nella-stagione-fredda\/","title":{"rendered":"\u2705 Potenzia le tue Difese per affrontare l&#8217;Inverno: gli Integratori come alleati nella Stagione Fredda"},"content":{"rendered":"\n<p class=\"has-text-align-justify\">Con l&#8217;arrivo della stagione #invernale, le giornate pi\u00f9 corte e il #climafreddo, \u00e8 essenziale preparare il nostro #organismo a fronteggiare le sfide che l&#8217;inverno porta con s\u00e9. Un modo efficace per rinforzare le #difese del nostro #corpo \u00e8 attraverso l&#8217;uso strategico di #integratori. Nel corso dell&#8217;autunno e dell&#8217;inverno, il rischio di contrarre raffreddori, influenze e altre malattie stagionali aumenta. Gli integratori rappresentano un valido sostegno per il sistema immunitario, aiutandoci a prevenire o a ridurre la gravit\u00e0 di queste malattie.<\/p>\n\n\n\n<p class=\"has-text-align-justify\">I principali integratori consigliati per rafforzare le difese immunitarie sono la vitamina C, la vitamina D, lo zinco, l&#8217;echinacea e il probiotico. La vitamina C \u00e8 conosciuta per il suo ruolo nel supportare le difese immunitarie, la vitamina D \u00e8 cruciale soprattutto durante i mesi invernali quando l&#8217;esposizione al sole \u00e8 limitata. Lo zinco \u00e8 noto per il suo contributo al normale funzionamento del sistema immunitario. L&#8217;echinacea \u00e8 un&#8217;erba utilizzata da secoli per rafforzare le difese naturali del corpo e i probiotici, che favoriscono un sano equilibrio del microbiota intestinale, sono anch&#8217;essi importanti per un sistema immunitario forte.<\/p>\n\n\n\n<p class=\"has-text-align-justify\">Presso la nostra farmacia disponiamo di una vasta gamma di integratori di qualit\u00e0 che possono sostenere il vostro sistema immunitario durante il periodo invernale. I nostri farmacisti saranno lieti di consigliarvi gli integratori pi\u00f9 adatti alle vostre esigenze personali. Ricordate che gli integratori non sono un sostituto a una dieta varia ed equilibrata, ma possono essere un&#8217;aggiunta preziosa per fornire al nostro corpo quei nutrienti extra di cui potrebbe aver bisogno durante i mesi pi\u00f9 freddi.<\/p>\n\n\n\n<p class=\"has-text-align-justify\">Prendersi cura del proprio sistema immunitario \u00e8 fondamentale per affrontare al meglio l&#8217;inverno e ridurre il rischio di malattie. Passate a trovarci in farmacia per scoprire i migliori integratori per le vostre esigenze e preparatevi ad affrontare la stagione fredda nel modo pi\u00f9 sano possibile.<\/p>\n\n\n\n<hr class=\"wp-block-separator has-css-opacity\"\/>\n\n\n<ul class=\"wp-block-latest-posts__list is-grid columns-3 has-author aligncenter wp-block-latest-posts\"><li><div class=\"wp-block-latest-posts__featured-image aligncenter\"><img decoding=\"async\" width=\"150\" height=\"150\" src=\"https:\/\/www.farmaciatacconi.it\/cms2\/wp-content\/uploads\/2026\/04\/895942589-150x150.jpg\" class=\"attachment-thumbnail size-thumbnail wp-post-image\" alt=\"\" style=\"\" srcset=\"https:\/\/www.farmaciatacconi.it\/cms2\/wp-content\/uploads\/2026\/04\/895942589-150x150.jpg 150w, https:\/\/www.farmaciatacconi.it\/cms2\/wp-content\/uploads\/2026\/04\/895942589-300x300.jpg 300w\" sizes=\"(max-width: 150px) 100vw, 150px\" \/><\/div><a class=\"wp-block-latest-posts__post-title\" href=\"https:\/\/www.farmaciatacconi.it\/cms2\/2026\/04\/29\/%e2%9c%85-somatoline-nuova-nuova-linea-deodoranti-somatolineskinexpert-%e2%9c%a8\/\">\u2705 SOMATOLINE: NUOVA nuova linea deodoranti #SomatolineSkinExpert! \u2728<\/a><div class=\"wp-block-latest-posts__post-author\">di Farmacia Tacconi<\/div><div class=\"wp-block-latest-posts__post-excerpt\">Informiamo i gentili clienti che nella nostra \ud83d\udc99#FarmaciaTacconi\ud83d\udc99 in zona #Finocchio, #ViadiPrataporci e #ViaCasilina \u00e8 arrivata&hellip;<\/div><\/li>\n<li><div class=\"wp-block-latest-posts__featured-image aligncenter\"><img decoding=\"async\" width=\"150\" height=\"150\" src=\"https:\/\/www.farmaciatacconi.it\/cms2\/wp-content\/uploads\/2026\/04\/59349854859-150x150.jpg\" class=\"attachment-thumbnail size-thumbnail wp-post-image\" alt=\"\" style=\"\" srcset=\"https:\/\/www.farmaciatacconi.it\/cms2\/wp-content\/uploads\/2026\/04\/59349854859-150x150.jpg 150w, https:\/\/www.farmaciatacconi.it\/cms2\/wp-content\/uploads\/2026\/04\/59349854859-300x300.jpg 300w\" sizes=\"(max-width: 150px) 100vw, 150px\" \/><\/div><a class=\"wp-block-latest-posts__post-title\" href=\"https:\/\/www.farmaciatacconi.it\/cms2\/2026\/04\/24\/%f0%9f%92%a1-offerta-vichy-8e-di-sconto-immediato\/\">\ud83d\udca1 OFFERTA VICHY\u00ae: 8\u20ac di SCONTO immediato!<\/a><div class=\"wp-block-latest-posts__post-author\">di Farmacia Tacconi<\/div><div class=\"wp-block-latest-posts__post-excerpt\">Vieni a trovarci in \ud83d\udc99#FarmaciaTacconi\ud83d\udc99 in zona #Finocchio #ViadiPrataporci #ViaCasilina per la grande offerta del prestigioso&hellip;<\/div><\/li>\n<li><div class=\"wp-block-latest-posts__featured-image aligncenter\"><img decoding=\"async\" width=\"150\" height=\"150\" src=\"https:\/\/www.farmaciatacconi.it\/cms2\/wp-content\/uploads\/2026\/04\/immagine-150x150.png\" class=\"attachment-thumbnail size-thumbnail wp-post-image\" alt=\"\" style=\"\" srcset=\"https:\/\/www.farmaciatacconi.it\/cms2\/wp-content\/uploads\/2026\/04\/immagine-150x150.png 150w, https:\/\/www.farmaciatacconi.it\/cms2\/wp-content\/uploads\/2026\/04\/immagine-300x300.png 300w\" sizes=\"(max-width: 150px) 100vw, 150px\" \/><\/div><a class=\"wp-block-latest-posts__post-title\" href=\"https:\/\/www.farmaciatacconi.it\/cms2\/2026\/04\/22\/%f0%9f%92%84evento-22-aprile-makeup-professionale-in-farmacia-%f0%9f%92%96-non-mancare\/\">\ud83d\udc84EVENTO 22 APRILE #MAKEUP PROFESSIONALE IN FARMACIA! \ud83d\udc96 Non mancare!<\/a><div class=\"wp-block-latest-posts__post-author\">di Farmacia Tacconi<\/div><div class=\"wp-block-latest-posts__post-excerpt\">Oggi 22 Aprile in \ud83d\udc99 #FarmaciaTacconi \ud83d\udc99 in zona #Finocchio #ViadiPrataporci #ViaCasilina siete invitat\u0259 per il&hellip;<\/div><\/li>\n<li><div class=\"wp-block-latest-posts__featured-image aligncenter\"><img loading=\"lazy\" decoding=\"async\" width=\"150\" height=\"150\" src=\"https:\/\/www.farmaciatacconi.it\/cms2\/wp-content\/uploads\/2026\/04\/54985943895-150x150.jpg\" class=\"attachment-thumbnail size-thumbnail wp-post-image\" alt=\"\" style=\"\" srcset=\"https:\/\/www.farmaciatacconi.it\/cms2\/wp-content\/uploads\/2026\/04\/54985943895-150x150.jpg 150w, https:\/\/www.farmaciatacconi.it\/cms2\/wp-content\/uploads\/2026\/04\/54985943895-300x300.jpg 300w\" sizes=\"(max-width: 150px) 100vw, 150px\" \/><\/div><a class=\"wp-block-latest-posts__post-title\" href=\"https:\/\/www.farmaciatacconi.it\/cms2\/2026\/04\/20\/%f0%9f%9f%a2-evento-22-aprile-makeup-%f0%9f%92%84professionale-in-farmacia-%f0%9f%92%96-non-mancare\/\">\ud83d\udfe2 EVENTO 22 APRILE #MAKEUP \ud83d\udc84PROFESSIONALE IN FARMACIA! \ud83d\udc96 Non mancare!<\/a><div class=\"wp-block-latest-posts__post-author\">di Farmacia Tacconi<\/div><div class=\"wp-block-latest-posts__post-excerpt\">Il 22 Aprile in \ud83d\udc99 #FarmaciaTacconi \ud83d\udc99 in zona #Finocchio #ViadiPrataporci #ViaCasilina siete invitat\u0259 per il&hellip;<\/div><\/li>\n<li><div class=\"wp-block-latest-posts__featured-image aligncenter\"><img loading=\"lazy\" decoding=\"async\" width=\"150\" height=\"150\" src=\"https:\/\/www.farmaciatacconi.it\/cms2\/wp-content\/uploads\/2026\/04\/498259458-150x150.jpg\" class=\"attachment-thumbnail size-thumbnail wp-post-image\" alt=\"\" style=\"\" srcset=\"https:\/\/www.farmaciatacconi.it\/cms2\/wp-content\/uploads\/2026\/04\/498259458-150x150.jpg 150w, https:\/\/www.farmaciatacconi.it\/cms2\/wp-content\/uploads\/2026\/04\/498259458-300x300.jpg 300w\" sizes=\"(max-width: 150px) 100vw, 150px\" \/><\/div><a class=\"wp-block-latest-posts__post-title\" href=\"https:\/\/www.farmaciatacconi.it\/cms2\/2026\/04\/17\/dolomia%f0%9f%92%84-30-subito-sui-fondotinta-per-una-base-perfetta\/\">Dolomia\ud83d\udc84: -30% SUBITO sui #fondotinta per una base perfetta!<\/a><div class=\"wp-block-latest-posts__post-author\">di Farmacia Tacconi<\/div><div class=\"wp-block-latest-posts__post-excerpt\">Presso la nostra #FarmaciaTacconi a #Finocchio lungo la storica #ViaCasilina, siamo felici di annunciare una grande&hellip;<\/div><\/li>\n<li><div class=\"wp-block-latest-posts__featured-image aligncenter\"><img loading=\"lazy\" decoding=\"async\" width=\"150\" height=\"150\" src=\"https:\/\/www.farmaciatacconi.it\/cms2\/wp-content\/uploads\/2026\/04\/3984942598-150x150.jpg\" class=\"attachment-thumbnail size-thumbnail wp-post-image\" alt=\"\" style=\"\" srcset=\"https:\/\/www.farmaciatacconi.it\/cms2\/wp-content\/uploads\/2026\/04\/3984942598-150x150.jpg 150w, https:\/\/www.farmaciatacconi.it\/cms2\/wp-content\/uploads\/2026\/04\/3984942598-300x300.jpg 300w\" sizes=\"(max-width: 150px) 100vw, 150px\" \/><\/div><a class=\"wp-block-latest-posts__post-title\" href=\"https:\/\/www.farmaciatacconi.it\/cms2\/2026\/04\/16\/%e2%9a%a1%ef%b8%8fofferta-a-tempo-apivita-%f0%9f%90%9d-25-subito-sulla-linea-queen-bee\/\">\u26a1\ufe0fOFFERTA a tempo APIVITA \ud83d\udc1d: -25% SUBITO sulla linea QUEEN BEE<\/a><div class=\"wp-block-latest-posts__post-author\">di Farmacia Tacconi<\/div><div class=\"wp-block-latest-posts__post-excerpt\">Scopri la linea #QueenBee di #APIVITA in #offerta speciale nella nostra #farmaciatacconi.it: -25% SUBITO! \ud83c\udf89 QueenBee&hellip;<\/div><\/li>\n<\/ul>\n\n\n<hr class=\"wp-block-separator has-css-opacity\"\/>\n\n\n\n<h3 class=\"wp-block-heading has-text-align-center\">\ud83d\udc99 <strong><a href=\"http:\/\/www.farmaciatacconi.it\">FARMACIA TACCONI<\/a><\/strong> \ud83d\udc99<\/h3>\n\n\n\n<h3 class=\"wp-block-heading has-text-align-center\">= <em>La <a href=\"http:\/\/www.farmaciatacconi.it\">Farmacia<\/a> di fiducia del TUO quartiere<\/em> =<\/h3>\n\n\n\n<p class=\"has-text-align-center\">[U<em>nica Sede \u2013 Farmacia di Turno Aperta \u2013 <strong>Oltre 250 MQ di esposizione<\/strong> \u2013 Zona Finocchio Borghesiana]<\/em><\/p>\n\n\n\n<p class=\"has-text-align-center\">\ud83e\udded <strong>Via di Prataporci n.4 \u2013 00132 ROMA<\/strong><\/p>\n\n\n\n<p class=\"has-text-align-center\"><em>[Incrocio lungo la Via Casilina]<\/em><br><br>\ud83d\udd17 http:\/\/<a href=\"http:\/\/www.farmaciatacconi.it\">www.farmaciatacconi.it<\/a><br>\u2709\ufe0f <a href=\"mailto:info@farmaciatacconi.it\">info@farmaciatacconi.it<\/a><br>\ud83d\udcde <strong>06 207 60 354<\/strong><br><br><a href=\"https:\/\/t.me\/farmaciatacconi\">Iscriviti ORA gratis<\/a> sul Canale <strong>Telegram <\/strong>della Farmacia:<br><br>\ud83d\udd11 <a href=\"https:\/\/t.me\/farmaciatacconi\">https:\/\/t.me\/farmaciatacconi<\/a><\/p>\n","protected":false},"excerpt":{"rendered":"<p>Con l&#8217;arrivo della stagione #invernale, le giornate pi\u00f9 corte e il #climafreddo, \u00e8 essenziale preparare il nostro #organismo a fronteggiare le sfide che l&#8217;inverno porta con s\u00e9. Un modo efficace per rinforzare le #difese del nostro #corpo \u00e8 attraverso l&#8217;uso strategico di #integratori. Nel corso dell&#8217;autunno e dell&#8217;inverno, il rischio di contrarre raffreddori, influenze e&hellip;<\/p>\n","protected":false},"author":1,"featured_media":4448,"comment_status":"closed","ping_status":"closed","sticky":false,"template":"","format":"standard","meta":{"jetpack_post_was_ever_published":false,"_jetpack_newsletter_access":"","_jetpack_dont_email_post_to_subs":false,"_jetpack_newsletter_tier_id":0,"_jetpack_memberships_contains_paywalled_content":false,"_jetpack_memberships_contains_paid_content":false,"footnotes":"","jetpack_publicize_message":"","jetpack_publicize_feature_enabled":true,"jetpack_social_post_already_shared":true,"jetpack_social_options":{"image_generator_settings":{"template":"highway","default_image_id":0,"font":"","enabled":false},"version":2}},"categories":[13,3],"tags":[270,21,1227,116,22,540],"class_list":["post-4447","post","type-post","status-publish","format-standard","has-post-thumbnail","hentry","category-informative","category-news","tag-difese-immunitarie","tag-integratori","tag-integratori-per-inverno","tag-inverno","tag-salute","tag-sistema-immunitario"],"jetpack_publicize_connections":[],"jetpack_featured_media_url":"https:\/\/www.farmaciatacconi.it\/cms2\/wp-content\/uploads\/2023\/10\/2842854534822.jpg","jetpack_sharing_enabled":true,"jetpack_likes_enabled":true,"jetpack-related-posts":[{"id":2488,"url":"https:\/\/www.farmaciatacconi.it\/cms2\/2020\/11\/18\/offerta-%f0%9f%92%8a-polase-difesa-inverno-2e\/","url_meta":{"origin":4447,"position":0},"title":"Offerta \ud83d\udc8a POLASE DIFESA INVERNO: -2\u20ac","author":"Farmacia Tacconi","date":"Mer 18\/11\/2020","format":false,"excerpt":"Informiamo che in \ud83d\udc99#Farmacia\ud83d\udc99 abbiamo in offerta a tempo questa settimana #POLASE \ud83d\udc8a DIFESA INVERNO. Possiamo finalmente offrire uno #sconto IMMEDIATO alla cassa di 2\u20ac su questo fantastico #integratore grandissimo alleato del nostro #sistema #immunitario e cos\u00ec prezioso in epoca di #pandemia da #COVID19 in corso e con l'arrivo delle\u2026","rel":"","context":"In &quot;News&quot;","block_context":{"text":"News","link":"https:\/\/www.farmaciatacconi.it\/cms2\/category\/news\/"},"img":{"alt_text":"","src":"https:\/\/i0.wp.com\/www.farmaciatacconi.it\/cms2\/wp-content\/uploads\/2020\/11\/photo_2020-11-18_01-20-31_r.jpg?resize=350%2C200&ssl=1","width":350,"height":200,"srcset":"https:\/\/i0.wp.com\/www.farmaciatacconi.it\/cms2\/wp-content\/uploads\/2020\/11\/photo_2020-11-18_01-20-31_r.jpg?resize=350%2C200&ssl=1 1x, https:\/\/i0.wp.com\/www.farmaciatacconi.it\/cms2\/wp-content\/uploads\/2020\/11\/photo_2020-11-18_01-20-31_r.jpg?resize=525%2C300&ssl=1 1.5x, https:\/\/i0.wp.com\/www.farmaciatacconi.it\/cms2\/wp-content\/uploads\/2020\/11\/photo_2020-11-18_01-20-31_r.jpg?resize=700%2C400&ssl=1 2x"},"classes":[]},{"id":4987,"url":"https:\/\/www.farmaciatacconi.it\/cms2\/2025\/01\/29\/%e2%9c%85-%f0%9f%8c%bf%f0%9f%92%8a-difese-immunitarie-proteggiti-al-meglio-durante-linverno-%e2%9d%84%ef%b8%8f%f0%9f%9b%a1%ef%b8%8f\/","url_meta":{"origin":4447,"position":1},"title":"\u2705 \ud83c\udf3f\ud83d\udc8a Difese immunitarie: proteggiti al meglio durante l&#8217;inverno! \u2744\ufe0f\ud83d\udee1\ufe0f","author":"Farmacia Tacconi","date":"Mer 29\/01\/2025","format":false,"excerpt":"Con l'#inverno il nostro sistema #immunitario ha bisogno di un aiuto extra per proteggerci dai #malanni di stagione come #raffreddore, #influenza e #stanchezza. \ud83e\udda0\ud83d\udca4 Le #difeseimmunitarie sono il nostro scudo naturale contro #virus e #batteri, ma spesso il #freddo, lo stress e le giornate pi\u00f9 corte possono indebolirle. \ud83d\udca1 Cosa\u2026","rel":"","context":"In &quot;I Consigli del Tuo Farmacista&quot;","block_context":{"text":"I Consigli del Tuo Farmacista","link":"https:\/\/www.farmaciatacconi.it\/cms2\/category\/informative\/"},"img":{"alt_text":"","src":"https:\/\/i0.wp.com\/www.farmaciatacconi.it\/cms2\/wp-content\/uploads\/2025\/01\/5984359843985.jpg?resize=350%2C200&ssl=1","width":350,"height":200,"srcset":"https:\/\/i0.wp.com\/www.farmaciatacconi.it\/cms2\/wp-content\/uploads\/2025\/01\/5984359843985.jpg?resize=350%2C200&ssl=1 1x, https:\/\/i0.wp.com\/www.farmaciatacconi.it\/cms2\/wp-content\/uploads\/2025\/01\/5984359843985.jpg?resize=525%2C300&ssl=1 1.5x, https:\/\/i0.wp.com\/www.farmaciatacconi.it\/cms2\/wp-content\/uploads\/2025\/01\/5984359843985.jpg?resize=700%2C400&ssl=1 2x"},"classes":[]},{"id":895,"url":"https:\/\/www.farmaciatacconi.it\/cms2\/2019\/10\/10\/offerta-polase-inverno-difesa\/","url_meta":{"origin":4447,"position":2},"title":"Offerta POLASE Inverno DIFESA","author":"Farmacia Tacconi","date":"Gio 10\/10\/2019","format":false,"excerpt":"Informiamo che \u00e8 stata attivata l'offerta speciale per Polase Difesa Inverno. Si tratta di un integratore alimentare\u00a0 di sali minerali e vitamine con 1.000 mg di Vitamina C che aiuta a supportare le difese immunitarie e a prepararsi all\u2019inverno. Polase Difesa Inverno \u00e8 disponibile in confezioni da 14 e 28\u2026","rel":"","context":"In &quot;News&quot;","block_context":{"text":"News","link":"https:\/\/www.farmaciatacconi.it\/cms2\/category\/news\/"},"img":{"alt_text":"","src":"https:\/\/i0.wp.com\/www.farmaciatacconi.it\/cms2\/wp-content\/uploads\/2019\/10\/polase_inverno_difesa.jpg?resize=350%2C200&ssl=1","width":350,"height":200,"srcset":"https:\/\/i0.wp.com\/www.farmaciatacconi.it\/cms2\/wp-content\/uploads\/2019\/10\/polase_inverno_difesa.jpg?resize=350%2C200&ssl=1 1x, https:\/\/i0.wp.com\/www.farmaciatacconi.it\/cms2\/wp-content\/uploads\/2019\/10\/polase_inverno_difesa.jpg?resize=525%2C300&ssl=1 1.5x, https:\/\/i0.wp.com\/www.farmaciatacconi.it\/cms2\/wp-content\/uploads\/2019\/10\/polase_inverno_difesa.jpg?resize=700%2C400&ssl=1 2x"},"classes":[]},{"id":5010,"url":"https:\/\/www.farmaciatacconi.it\/cms2\/2025\/02\/19\/%e2%9c%85-%f0%9f%8c%9f-affronta-linverno-con-energia-e-vitalita-%f0%9f%8c%9f\/","url_meta":{"origin":4447,"position":3},"title":"\u2705 \ud83c\udf1f Affronta l&#8217;Inverno con Energia e Vitalit\u00e0! \ud83c\udf1f","author":"Farmacia Tacconi","date":"Mer 19\/02\/2025","format":false,"excerpt":"Proprio durante l'#inverno il nostro corpo ha bisogno di un supporto extra per affrontare le sfide della #stagione fredda. \u2744\ufe0f\ud83d\udcaa \u00c8 il momento perfetto per integrare la #VitaminaC e la #VitaminaB12 nella tua routine quotidiana della #salute! In questo periodo dell'anno, infatti, \u00e8 facile sentirsi gi\u00f9 di tono e affaticati.\u2026","rel":"","context":"In &quot;I Consigli del Tuo Farmacista&quot;","block_context":{"text":"I Consigli del Tuo Farmacista","link":"https:\/\/www.farmaciatacconi.it\/cms2\/category\/informative\/"},"img":{"alt_text":"","src":"https:\/\/i0.wp.com\/www.farmaciatacconi.it\/cms2\/wp-content\/uploads\/2025\/02\/45954935.jpg?resize=350%2C200&ssl=1","width":350,"height":200,"srcset":"https:\/\/i0.wp.com\/www.farmaciatacconi.it\/cms2\/wp-content\/uploads\/2025\/02\/45954935.jpg?resize=350%2C200&ssl=1 1x, https:\/\/i0.wp.com\/www.farmaciatacconi.it\/cms2\/wp-content\/uploads\/2025\/02\/45954935.jpg?resize=525%2C300&ssl=1 1.5x, https:\/\/i0.wp.com\/www.farmaciatacconi.it\/cms2\/wp-content\/uploads\/2025\/02\/45954935.jpg?resize=700%2C400&ssl=1 2x, https:\/\/i0.wp.com\/www.farmaciatacconi.it\/cms2\/wp-content\/uploads\/2025\/02\/45954935.jpg?resize=1050%2C600&ssl=1 3x, https:\/\/i0.wp.com\/www.farmaciatacconi.it\/cms2\/wp-content\/uploads\/2025\/02\/45954935.jpg?resize=1400%2C800&ssl=1 4x"},"classes":[]},{"id":5209,"url":"https:\/\/www.farmaciatacconi.it\/cms2\/2025\/09\/10\/%e2%9c%85-riparti-di-slancio-al-rientro-dalle-vacanze-ecco-come\/","url_meta":{"origin":4447,"position":4},"title":"\u2705 Riparti di Slancio al Rientro dalle Vacanze: ecco come","author":"Farmacia Tacconi","date":"Mer 10\/09\/2025","format":false,"excerpt":"Le #vacanze ormai concluse sono state un importante momento di #svago e #relax, ma il rientro alla vita quotidiana pu\u00f2 portare con s\u00e9 un certo #affaticamento. Dopo giorni di #avventure, \u00e8 fondamentale #PrendersiCura del proprio #corpo e #riattivare il #sistemaimmunitario. Presso la #FarmaciaTacconi, situata nel #quartiereFinocchio sulla #viaCasilina a #Roma,\u2026","rel":"","context":"In &quot;I Consigli del Tuo Farmacista&quot;","block_context":{"text":"I Consigli del Tuo Farmacista","link":"https:\/\/www.farmaciatacconi.it\/cms2\/category\/informative\/"},"img":{"alt_text":"","src":"https:\/\/i0.wp.com\/www.farmaciatacconi.it\/cms2\/wp-content\/uploads\/2025\/09\/4989583.jpg?resize=350%2C200&ssl=1","width":350,"height":200,"srcset":"https:\/\/i0.wp.com\/www.farmaciatacconi.it\/cms2\/wp-content\/uploads\/2025\/09\/4989583.jpg?resize=350%2C200&ssl=1 1x, https:\/\/i0.wp.com\/www.farmaciatacconi.it\/cms2\/wp-content\/uploads\/2025\/09\/4989583.jpg?resize=525%2C300&ssl=1 1.5x, https:\/\/i0.wp.com\/www.farmaciatacconi.it\/cms2\/wp-content\/uploads\/2025\/09\/4989583.jpg?resize=700%2C400&ssl=1 2x, https:\/\/i0.wp.com\/www.farmaciatacconi.it\/cms2\/wp-content\/uploads\/2025\/09\/4989583.jpg?resize=1050%2C600&ssl=1 3x, https:\/\/i0.wp.com\/www.farmaciatacconi.it\/cms2\/wp-content\/uploads\/2025\/09\/4989583.jpg?resize=1400%2C800&ssl=1 4x"},"classes":[]},{"id":2396,"url":"https:\/\/www.farmaciatacconi.it\/cms2\/2020\/10\/29\/bion3-%f0%9f%92%8a-difese-immunitarie\/","url_meta":{"origin":4447,"position":5},"title":"Nuovo BION3 \ud83d\udc8a Difese Immunitarie","author":"Farmacia Tacconi","date":"Gio 29\/10\/2020","format":false,"excerpt":"Informiamo che in \ud83d\udc99#Farmacia\ud83d\udc99 abbiamo appena messo in vendita il nuovissimo #BION3 Difese Immunitarie \ud83d\udc8a. Possiamo finalmente offrire questo fantastico #integratore grandissimo alleato del nostro #sistema #immunitario, cos\u00ec prezioso in epoca di #pandemia da #COVID19 in corso e con l'arrivo delle prime influenze e malanni di stagione: il nostro sistema\u2026","rel":"","context":"In &quot;News&quot;","block_context":{"text":"News","link":"https:\/\/www.farmaciatacconi.it\/cms2\/category\/news\/"},"img":{"alt_text":"","src":"https:\/\/i0.wp.com\/www.farmaciatacconi.it\/cms2\/wp-content\/uploads\/2020\/10\/bion3_difese_immunitarie_farma_tacconi.jpg?resize=350%2C200&ssl=1","width":350,"height":200},"classes":[]}],"_links":{"self":[{"href":"https:\/\/www.farmaciatacconi.it\/cms2\/wp-json\/wp\/v2\/posts\/4447","targetHints":{"allow":["GET"]}}],"collection":[{"href":"https:\/\/www.farmaciatacconi.it\/cms2\/wp-json\/wp\/v2\/posts"}],"about":[{"href":"https:\/\/www.farmaciatacconi.it\/cms2\/wp-json\/wp\/v2\/types\/post"}],"author":[{"embeddable":true,"href":"https:\/\/www.farmaciatacconi.it\/cms2\/wp-json\/wp\/v2\/users\/1"}],"replies":[{"embeddable":true,"href":"https:\/\/www.farmaciatacconi.it\/cms2\/wp-json\/wp\/v2\/comments?post=4447"}],"version-history":[{"count":1,"href":"https:\/\/www.farmaciatacconi.it\/cms2\/wp-json\/wp\/v2\/posts\/4447\/revisions"}],"predecessor-version":[{"id":4449,"href":"https:\/\/www.farmaciatacconi.it\/cms2\/wp-json\/wp\/v2\/posts\/4447\/revisions\/4449"}],"wp:featuredmedia":[{"embeddable":true,"href":"https:\/\/www.farmaciatacconi.it\/cms2\/wp-json\/wp\/v2\/media\/4448"}],"wp:attachment":[{"href":"https:\/\/www.farmaciatacconi.it\/cms2\/wp-json\/wp\/v2\/media?parent=4447"}],"wp:term":[{"taxonomy":"category","embeddable":true,"href":"https:\/\/www.farmaciatacconi.it\/cms2\/wp-json\/wp\/v2\/categories?post=4447"},{"taxonomy":"post_tag","embeddable":true,"href":"https:\/\/www.farmaciatacconi.it\/cms2\/wp-json\/wp\/v2\/tags?post=4447"}],"curies":[{"name":"wp","href":"https:\/\/api.w.org\/{rel}","templated":true}]}}