{"id":4219,"date":"2023-06-19T08:45:00","date_gmt":"2023-06-19T06:45:00","guid":{"rendered":"https:\/\/www.farmaciatacconi.it\/cms2\/?p=4219"},"modified":"2023-06-19T00:39:42","modified_gmt":"2023-06-18T22:39:42","slug":"%e2%9c%85-proteggere-la-pelle-dal-sole-significa-proteggere-la-salute-di-se-stessi-e-dei-propri-cari-ecco-come-fare","status":"publish","type":"post","link":"https:\/\/www.farmaciatacconi.it\/cms2\/2023\/06\/19\/%e2%9c%85-proteggere-la-pelle-dal-sole-significa-proteggere-la-salute-di-se-stessi-e-dei-propri-cari-ecco-come-fare\/","title":{"rendered":"\u2705 Proteggere la pelle dal sole significa proteggere la salute di se stessi e dei propri cari: ecco come fare"},"content":{"rendered":"\n<p class=\"has-text-align-justify\">La #protezione della #pelle dai danni del #sole \u00e8 di vitale importanza per la #salute #dermatologica a lungo termine. Mentre godersi il sole pu\u00f2 essere piacevole e benefico per l&#8217;umore e il #corpo, l&#8217;#esposizione eccessiva ai #raggi #ultravioletti (UV) pu\u00f2 causare gravi #danni alla pelle. Questo \u00e8 particolarmente vero per le persone con #carnagione chiara e i bambini, che sono di norma pi\u00f9 #vulnerabili ai danni del sole. Per questo motivo, \u00e8 fondamentale utilizzare #cremesolari di alta qualit\u00e0, preferibilmente acquistate in farmacia, per proteggere se stessi e i propri cari. I raggi UV sono composti da due tipi principali: i raggi UVA e i raggi UVB. Entrambi possono danneggiare la pelle, ma in modi leggermente diversi.<\/p>\n\n\n<div class=\"wp-block-image\">\n<figure class=\"aligncenter size-large\"><img fetchpriority=\"high\" decoding=\"async\" width=\"1024\" height=\"683\" src=\"https:\/\/www.farmaciatacconi.it\/cms2\/wp-content\/uploads\/2023\/06\/pexels-karolina-grabowska-5202459-1024x683.jpg\" alt=\"\" class=\"wp-image-4223\" srcset=\"https:\/\/www.farmaciatacconi.it\/cms2\/wp-content\/uploads\/2023\/06\/pexels-karolina-grabowska-5202459-1024x683.jpg 1024w, https:\/\/www.farmaciatacconi.it\/cms2\/wp-content\/uploads\/2023\/06\/pexels-karolina-grabowska-5202459-300x200.jpg 300w, https:\/\/www.farmaciatacconi.it\/cms2\/wp-content\/uploads\/2023\/06\/pexels-karolina-grabowska-5202459-768x512.jpg 768w, https:\/\/www.farmaciatacconi.it\/cms2\/wp-content\/uploads\/2023\/06\/pexels-karolina-grabowska-5202459-1536x1024.jpg 1536w, https:\/\/www.farmaciatacconi.it\/cms2\/wp-content\/uploads\/2023\/06\/pexels-karolina-grabowska-5202459.jpg 1920w\" sizes=\"(max-width: 1024px) 100vw, 1024px\" \/><\/figure><\/div>\n\n\n<p class=\"has-text-align-justify\">I raggi UVA penetrano in profondit\u00e0 nella pelle e sono responsabili dell&#8217;invecchiamento precoce, delle rughe e delle macchie solari. Possono anche danneggiare le fibre di collagene ed elastina, che sono importanti per la struttura e l&#8217;elasticit\u00e0 della pelle. I raggi UVB, d&#8217;altra parte, sono pi\u00f9 intensi e sono responsabili delle scottature solari, dei eritemi e sono i principali responsabili del cancro alla pelle. La protezione solare \u00e8 la prima linea di difesa contro i danni del sole.<\/p>\n\n\n\n<p class=\"has-text-align-justify\">Le creme solari ad ampio spettro con un fattore di protezione solare (FPS) adeguato offrono una protezione essenziale contro i raggi UV. L&#8217;FPS indica quanto tempo una crema solare pu\u00f2 proteggere la pelle dai raggi UVB rispetto alla pelle non protetta. Per esempio, un FPS 30 significa che ci vorranno 30 volte pi\u00f9 tempo per bruciarsi rispetto a non indossare alcuna protezione solare. \u00c8 importante utilizzare creme solari di alta qualit\u00e0 per garantire una protezione efficace. Le creme solari acquistate in farmacia sono generalmente soggette a rigorosi standard di sicurezza e controlli di qualit\u00e0. Questo significa che sono formulati con ingredienti efficaci e sicuri per proteggere la pelle dai danni del sole.<\/p>\n\n\n\n<p class=\"has-text-align-justify\">Scegliere una crema solare con un ampio spettro di protezione contro i raggi UVA e UVB \u00e8 essenziale per ottenere una protezione completa. Le persone con carnagione chiara sono particolarmente suscettibili ai danni del sole. Hanno meno melanina, il pigmento che aiuta a proteggere la pelle dai raggi UV. Di conseguenza, hanno maggiori probabilit\u00e0 di scottarsi e di sviluppare problemi cutanei come macchie solari e rughe. Per queste persone, l&#8217;uso di creme solari di qualit\u00e0 \u00e8 ancora pi\u00f9 importante per prevenire danni a lungo termine e ridurre il rischio di cancro alla pelle.<\/p>\n\n\n<div class=\"wp-block-image\">\n<figure class=\"aligncenter size-large\"><img decoding=\"async\" width=\"1024\" height=\"683\" src=\"https:\/\/www.farmaciatacconi.it\/cms2\/wp-content\/uploads\/2023\/06\/pexels-on-shot-3981878-1024x683.jpg\" alt=\"\" class=\"wp-image-4228\" srcset=\"https:\/\/www.farmaciatacconi.it\/cms2\/wp-content\/uploads\/2023\/06\/pexels-on-shot-3981878-1024x683.jpg 1024w, https:\/\/www.farmaciatacconi.it\/cms2\/wp-content\/uploads\/2023\/06\/pexels-on-shot-3981878-300x200.jpg 300w, https:\/\/www.farmaciatacconi.it\/cms2\/wp-content\/uploads\/2023\/06\/pexels-on-shot-3981878-768x512.jpg 768w, https:\/\/www.farmaciatacconi.it\/cms2\/wp-content\/uploads\/2023\/06\/pexels-on-shot-3981878-1536x1024.jpg 1536w, https:\/\/www.farmaciatacconi.it\/cms2\/wp-content\/uploads\/2023\/06\/pexels-on-shot-3981878.jpg 1920w\" sizes=\"(max-width: 1024px) 100vw, 1024px\" \/><\/figure><\/div>\n\n\n<p class=\"has-text-align-justify\">Anche i bambini sono particolarmente vulnerabili ai danni del sole. La loro pelle \u00e8 pi\u00f9 delicata e suscettibile agli effetti dannosi dei raggi UV. \u00c8 fondamentale proteggere la loro pelle con creme solari di alta qualit\u00e0 che siano delicate e sicure per i loro piccoli corpi. Le creme solari appositamente formulate per bambini spesso contengono ingredienti delicati e sono prive di sostanze chimiche aggressive che potrebbero irritare la loro pelle sensibile.<\/p>\n\n\n\n<p class=\"has-text-align-justify\">Quando si applica la crema solare, \u00e8 importante seguire le indicazioni e applicarla generosamente su tutte le parti del corpo esposte al sole, come viso, collo, braccia e gambe. \u00c8 consigliabile applicarla almeno 15-30 minuti prima dell&#8217;esposizione al sole e riapplicarla ogni due ore o dopo il nuoto o il sudore e asciugarsi con un asciugamano. Inoltre, \u00e8 consigliabile utilizzare altre misure di protezione solare come cappelli a tesa larga, occhiali da sole e vestiti leggeri ma a maniche lunghe. Proteggere la pelle dal sole non \u00e8 solo una questione di bellezza, ma anche di salute.<\/p>\n\n\n<div class=\"wp-block-image\">\n<figure class=\"aligncenter size-large\"><img decoding=\"async\" width=\"1024\" height=\"683\" src=\"https:\/\/www.farmaciatacconi.it\/cms2\/wp-content\/uploads\/2023\/06\/image-1-1024x683.png\" alt=\"\" class=\"wp-image-4222\" srcset=\"https:\/\/www.farmaciatacconi.it\/cms2\/wp-content\/uploads\/2023\/06\/image-1-1024x683.png 1024w, https:\/\/www.farmaciatacconi.it\/cms2\/wp-content\/uploads\/2023\/06\/image-1-300x200.png 300w, https:\/\/www.farmaciatacconi.it\/cms2\/wp-content\/uploads\/2023\/06\/image-1-768x512.png 768w, https:\/\/www.farmaciatacconi.it\/cms2\/wp-content\/uploads\/2023\/06\/image-1-1536x1024.png 1536w, https:\/\/www.farmaciatacconi.it\/cms2\/wp-content\/uploads\/2023\/06\/image-1.png 1920w\" sizes=\"(max-width: 1024px) 100vw, 1024px\" \/><\/figure><\/div>\n\n\n<p class=\"has-text-align-justify\">L&#8217;esposizione eccessiva ai raggi UV pu\u00f2 portare a problemi dermatologici gravi, come il melanoma, una forma aggressiva di cancro alla pelle. I danni del sole si accumulano nel corso degli anni, quindi \u00e8 importante prendere misure preventive fin dall&#8217;infanzia per ridurre il rischio di danni a lungo termine.<\/p>\n\n\n\n<p class=\"has-text-align-justify\">Quindi, se hai la carnagione chiara o hai bambini, ricorda di proteggere adeguatamente la pelle dal sole. Scegli creme solari di qualit\u00e0, preferibilmente acquistate in farmacia, che offrano una protezione a largo spettro contro i raggi UVA e UVB. Applica generosamente la crema solare su tutte le parti del corpo esposte, seguendo le indicazioni di riapplicazione regolare.<\/p>\n\n\n\n<p class=\"has-text-align-justify\">Non dimenticare di utilizzare anche altre misure di protezione solare come cappelli, occhiali da sole e vestiti a maniche lunghe. Prenditi cura della tua pelle e di quella dei tuoi cari. <strong>Proteggere la pelle dal sole \u00e8 un gesto semplice ma fondamentale per mantenere la salute e la bellezza della pelle nel corso degli anni.<\/strong><\/p>\n\n\n\n<hr class=\"wp-block-separator has-css-opacity\"\/>\n\n\n<ul class=\"wp-block-latest-posts__list is-grid columns-3 has-author aligncenter wp-block-latest-posts\"><li><div class=\"wp-block-latest-posts__featured-image aligncenter\"><img loading=\"lazy\" decoding=\"async\" width=\"150\" height=\"150\" src=\"https:\/\/www.farmaciatacconi.it\/cms2\/wp-content\/uploads\/2026\/04\/87587487587-150x150.jpg\" class=\"attachment-thumbnail size-thumbnail wp-post-image\" alt=\"\" style=\"\" srcset=\"https:\/\/www.farmaciatacconi.it\/cms2\/wp-content\/uploads\/2026\/04\/87587487587-150x150.jpg 150w, https:\/\/www.farmaciatacconi.it\/cms2\/wp-content\/uploads\/2026\/04\/87587487587-300x300.jpg 300w\" sizes=\"(max-width: 150px) 100vw, 150px\" \/><\/div><a class=\"wp-block-latest-posts__post-title\" href=\"https:\/\/www.farmaciatacconi.it\/cms2\/2026\/04\/30\/%f0%9f%91%a7-offerta-su-bioscalin-fino-a-20e-di-sconto-%f0%9f%91%8d\/\">\ud83d\udc67 OFFERTA su BIOSCALIN fino a 20\u20ac di SCONTO \ud83d\udc4d<\/a><div class=\"wp-block-latest-posts__post-author\">di Farmacia Tacconi<\/div><div class=\"wp-block-latest-posts__post-excerpt\">\u2728 Da 35 anni #Bioscalin si prende cura dei tuoi #capelli con ricerca e innovazione costante,&hellip;<\/div><\/li>\n<li><div class=\"wp-block-latest-posts__featured-image aligncenter\"><img loading=\"lazy\" decoding=\"async\" width=\"150\" height=\"150\" src=\"https:\/\/www.farmaciatacconi.it\/cms2\/wp-content\/uploads\/2026\/04\/895942589-150x150.jpg\" class=\"attachment-thumbnail size-thumbnail wp-post-image\" alt=\"\" style=\"\" srcset=\"https:\/\/www.farmaciatacconi.it\/cms2\/wp-content\/uploads\/2026\/04\/895942589-150x150.jpg 150w, https:\/\/www.farmaciatacconi.it\/cms2\/wp-content\/uploads\/2026\/04\/895942589-300x300.jpg 300w\" sizes=\"(max-width: 150px) 100vw, 150px\" \/><\/div><a class=\"wp-block-latest-posts__post-title\" href=\"https:\/\/www.farmaciatacconi.it\/cms2\/2026\/04\/29\/%e2%9c%85-somatoline-nuova-nuova-linea-deodoranti-somatolineskinexpert-%e2%9c%a8\/\">\u2705 SOMATOLINE: NUOVA linea deodoranti #SomatolineSkinExpert! \u2728<\/a><div class=\"wp-block-latest-posts__post-author\">di Farmacia Tacconi<\/div><div class=\"wp-block-latest-posts__post-excerpt\">Informiamo i gentili clienti che nella nostra \ud83d\udc99#FarmaciaTacconi\ud83d\udc99 in zona #Finocchio, #ViadiPrataporci e #ViaCasilina \u00e8 arrivata&hellip;<\/div><\/li>\n<li><div class=\"wp-block-latest-posts__featured-image aligncenter\"><img loading=\"lazy\" decoding=\"async\" width=\"150\" height=\"150\" src=\"https:\/\/www.farmaciatacconi.it\/cms2\/wp-content\/uploads\/2026\/04\/59349854859-150x150.jpg\" class=\"attachment-thumbnail size-thumbnail wp-post-image\" alt=\"\" style=\"\" srcset=\"https:\/\/www.farmaciatacconi.it\/cms2\/wp-content\/uploads\/2026\/04\/59349854859-150x150.jpg 150w, https:\/\/www.farmaciatacconi.it\/cms2\/wp-content\/uploads\/2026\/04\/59349854859-300x300.jpg 300w\" sizes=\"(max-width: 150px) 100vw, 150px\" \/><\/div><a class=\"wp-block-latest-posts__post-title\" href=\"https:\/\/www.farmaciatacconi.it\/cms2\/2026\/04\/24\/%f0%9f%92%a1-offerta-vichy-8e-di-sconto-immediato\/\">\ud83d\udca1 OFFERTA VICHY\u00ae: 8\u20ac di SCONTO immediato!<\/a><div class=\"wp-block-latest-posts__post-author\">di Farmacia Tacconi<\/div><div class=\"wp-block-latest-posts__post-excerpt\">Vieni a trovarci in \ud83d\udc99#FarmaciaTacconi\ud83d\udc99 in zona #Finocchio #ViadiPrataporci #ViaCasilina per la grande offerta del prestigioso&hellip;<\/div><\/li>\n<li><div class=\"wp-block-latest-posts__featured-image aligncenter\"><img loading=\"lazy\" decoding=\"async\" width=\"150\" height=\"150\" src=\"https:\/\/www.farmaciatacconi.it\/cms2\/wp-content\/uploads\/2026\/04\/immagine-150x150.png\" class=\"attachment-thumbnail size-thumbnail wp-post-image\" alt=\"\" style=\"\" srcset=\"https:\/\/www.farmaciatacconi.it\/cms2\/wp-content\/uploads\/2026\/04\/immagine-150x150.png 150w, https:\/\/www.farmaciatacconi.it\/cms2\/wp-content\/uploads\/2026\/04\/immagine-300x300.png 300w\" sizes=\"(max-width: 150px) 100vw, 150px\" \/><\/div><a class=\"wp-block-latest-posts__post-title\" href=\"https:\/\/www.farmaciatacconi.it\/cms2\/2026\/04\/22\/%f0%9f%92%84evento-22-aprile-makeup-professionale-in-farmacia-%f0%9f%92%96-non-mancare\/\">\ud83d\udc84EVENTO 22 APRILE #MAKEUP PROFESSIONALE IN FARMACIA! \ud83d\udc96 Non mancare!<\/a><div class=\"wp-block-latest-posts__post-author\">di Farmacia Tacconi<\/div><div class=\"wp-block-latest-posts__post-excerpt\">Oggi 22 Aprile in \ud83d\udc99 #FarmaciaTacconi \ud83d\udc99 in zona #Finocchio #ViadiPrataporci #ViaCasilina siete invitat\u0259 per il&hellip;<\/div><\/li>\n<li><div class=\"wp-block-latest-posts__featured-image aligncenter\"><img loading=\"lazy\" decoding=\"async\" width=\"150\" height=\"150\" src=\"https:\/\/www.farmaciatacconi.it\/cms2\/wp-content\/uploads\/2026\/04\/54985943895-150x150.jpg\" class=\"attachment-thumbnail size-thumbnail wp-post-image\" alt=\"\" style=\"\" srcset=\"https:\/\/www.farmaciatacconi.it\/cms2\/wp-content\/uploads\/2026\/04\/54985943895-150x150.jpg 150w, https:\/\/www.farmaciatacconi.it\/cms2\/wp-content\/uploads\/2026\/04\/54985943895-300x300.jpg 300w\" sizes=\"(max-width: 150px) 100vw, 150px\" \/><\/div><a class=\"wp-block-latest-posts__post-title\" href=\"https:\/\/www.farmaciatacconi.it\/cms2\/2026\/04\/20\/%f0%9f%9f%a2-evento-22-aprile-makeup-%f0%9f%92%84professionale-in-farmacia-%f0%9f%92%96-non-mancare\/\">\ud83d\udfe2 EVENTO 22 APRILE #MAKEUP \ud83d\udc84PROFESSIONALE IN FARMACIA! \ud83d\udc96 Non mancare!<\/a><div class=\"wp-block-latest-posts__post-author\">di Farmacia Tacconi<\/div><div class=\"wp-block-latest-posts__post-excerpt\">Il 22 Aprile in \ud83d\udc99 #FarmaciaTacconi \ud83d\udc99 in zona #Finocchio #ViadiPrataporci #ViaCasilina siete invitat\u0259 per il&hellip;<\/div><\/li>\n<li><div class=\"wp-block-latest-posts__featured-image aligncenter\"><img loading=\"lazy\" decoding=\"async\" width=\"150\" height=\"150\" src=\"https:\/\/www.farmaciatacconi.it\/cms2\/wp-content\/uploads\/2026\/04\/498259458-150x150.jpg\" class=\"attachment-thumbnail size-thumbnail wp-post-image\" alt=\"\" style=\"\" srcset=\"https:\/\/www.farmaciatacconi.it\/cms2\/wp-content\/uploads\/2026\/04\/498259458-150x150.jpg 150w, https:\/\/www.farmaciatacconi.it\/cms2\/wp-content\/uploads\/2026\/04\/498259458-300x300.jpg 300w\" sizes=\"(max-width: 150px) 100vw, 150px\" \/><\/div><a class=\"wp-block-latest-posts__post-title\" href=\"https:\/\/www.farmaciatacconi.it\/cms2\/2026\/04\/17\/dolomia%f0%9f%92%84-30-subito-sui-fondotinta-per-una-base-perfetta\/\">Dolomia\ud83d\udc84: -30% SUBITO sui #fondotinta per una base perfetta!<\/a><div class=\"wp-block-latest-posts__post-author\">di Farmacia Tacconi<\/div><div class=\"wp-block-latest-posts__post-excerpt\">Presso la nostra #FarmaciaTacconi a #Finocchio lungo la storica #ViaCasilina, siamo felici di annunciare una grande&hellip;<\/div><\/li>\n<\/ul>\n\n\n<hr class=\"wp-block-separator has-css-opacity\"\/>\n\n\n\n<h3 class=\"wp-block-heading has-text-align-center\">\ud83d\udc99 <strong><a href=\"http:\/\/www.farmaciatacconi.it\">FARMACIA TACCONI<\/a><\/strong> \ud83d\udc99<\/h3>\n\n\n\n<h3 class=\"wp-block-heading has-text-align-center\">= <em>La <a href=\"http:\/\/www.farmaciatacconi.it\">Farmacia<\/a> di fiducia del TUO quartiere<\/em> =<\/h3>\n\n\n\n<p class=\"has-text-align-center\">[U<em>nica Sede \u2013 Farmacia di Turno Aperta \u2013 <strong>Oltre 250 MQ di esposizione<\/strong> \u2013 Zona Finocchio Borghesiana]<\/em><\/p>\n\n\n\n<p class=\"has-text-align-center\">\ud83e\udded <strong>Via di Prataporci n.4 \u2013 00132 ROMA<\/strong><\/p>\n\n\n\n<p class=\"has-text-align-center\"><em>[Incrocio lungo la Via Casilina]<\/em><br><br>\ud83d\udd17 http:\/\/<a href=\"http:\/\/www.farmaciatacconi.it\">www.farmaciatacconi.it<\/a><br>\u2709\ufe0f <a href=\"mailto:info@farmaciatacconi.it\">info@farmaciatacconi.it<\/a><br>\ud83d\udcde <strong>06 207 60 354<\/strong><br><br><a href=\"https:\/\/t.me\/farmaciatacconi\">Iscriviti ORA gratis<\/a> sul Canale <strong>Telegram <\/strong>della Farmacia:<br><br>\ud83d\udd11 <a href=\"https:\/\/t.me\/farmaciatacconi\">https:\/\/t.me\/farmaciatacconi<\/a><\/p>\n","protected":false},"excerpt":{"rendered":"<p>La #protezione della #pelle dai danni del #sole \u00e8 di vitale importanza per la #salute #dermatologica a lungo termine. Mentre godersi il sole pu\u00f2 essere piacevole e benefico per l&#8217;umore e il #corpo, l&#8217;#esposizione eccessiva ai #raggi #ultravioletti (UV) pu\u00f2 causare gravi #danni alla pelle. Questo \u00e8 particolarmente vero per le persone con #carnagione chiara&hellip;<\/p>\n","protected":false},"author":1,"featured_media":4225,"comment_status":"closed","ping_status":"closed","sticky":false,"template":"","format":"standard","meta":{"jetpack_post_was_ever_published":false,"_jetpack_newsletter_access":"","_jetpack_dont_email_post_to_subs":false,"_jetpack_newsletter_tier_id":0,"_jetpack_memberships_contains_paywalled_content":false,"_jetpack_memberships_contains_paid_content":false,"footnotes":"","jetpack_publicize_message":"","jetpack_publicize_feature_enabled":true,"jetpack_social_post_already_shared":true,"jetpack_social_options":{"image_generator_settings":{"template":"highway","default_image_id":0,"font":"","enabled":false},"version":2}},"categories":[13,3],"tags":[1173,1175,54,436,437,1172,1174,35],"class_list":["post-4219","post","type-post","status-publish","format-standard","has-post-thumbnail","hentry","category-informative","category-news","tag-crema-solare","tag-invecchimento-pelle","tag-pelle","tag-protezione-pelle","tag-protezione-solare","tag-raggi-solari","tag-raggi-uv","tag-scottature"],"jetpack_publicize_connections":[],"jetpack_featured_media_url":"https:\/\/www.farmaciatacconi.it\/cms2\/wp-content\/uploads\/2023\/06\/84250485084.jpg","jetpack_sharing_enabled":true,"jetpack_likes_enabled":true,"jetpack-related-posts":[{"id":4788,"url":"https:\/\/www.farmaciatacconi.it\/cms2\/2024\/06\/03\/%e2%9c%85-scopri-quanto-e-importante-proteggersi-dai-raggi-uv\/","url_meta":{"origin":4219,"position":0},"title":"\u2705 Scopri quanto \u00e8 importante proteggersi dai raggi UV","author":"Farmacia Tacconi","date":"Lun 03\/06\/2024","format":false,"excerpt":"L'esposizione ai raggi solari pu\u00f2 causare vari danni alla pelle, tra cui #scottature, #invecchiamento precoce e col tempo persino danni alla pelle peggiori con lesioni che possono portare allo sviluppo di gravi #neoplasie. Per proteggere efficacemente la pelle dai #raggi dannosi del #sole, \u00e8 fondamentale utilizzare prodotti #solari che contengono\u2026","rel":"","context":"In &quot;I Consigli del Tuo Farmacista&quot;","block_context":{"text":"I Consigli del Tuo Farmacista","link":"https:\/\/www.farmaciatacconi.it\/cms2\/category\/informative\/"},"img":{"alt_text":"","src":"https:\/\/i0.wp.com\/www.farmaciatacconi.it\/cms2\/wp-content\/uploads\/2024\/06\/40598333_398498.jpg?resize=350%2C200&ssl=1","width":350,"height":200,"srcset":"https:\/\/i0.wp.com\/www.farmaciatacconi.it\/cms2\/wp-content\/uploads\/2024\/06\/40598333_398498.jpg?resize=350%2C200&ssl=1 1x, https:\/\/i0.wp.com\/www.farmaciatacconi.it\/cms2\/wp-content\/uploads\/2024\/06\/40598333_398498.jpg?resize=525%2C300&ssl=1 1.5x, https:\/\/i0.wp.com\/www.farmaciatacconi.it\/cms2\/wp-content\/uploads\/2024\/06\/40598333_398498.jpg?resize=700%2C400&ssl=1 2x, https:\/\/i0.wp.com\/www.farmaciatacconi.it\/cms2\/wp-content\/uploads\/2024\/06\/40598333_398498.jpg?resize=1050%2C600&ssl=1 3x, https:\/\/i0.wp.com\/www.farmaciatacconi.it\/cms2\/wp-content\/uploads\/2024\/06\/40598333_398498.jpg?resize=1400%2C800&ssl=1 4x"},"classes":[]},{"id":4100,"url":"https:\/\/www.farmaciatacconi.it\/cms2\/2023\/04\/12\/%e2%9c%85-ecco-perche-e-importante-proteggersi-dai-raggi-solari\/","url_meta":{"origin":4219,"position":1},"title":"\u2705 Ecco perch\u00e9 \u00e8 importante proteggersi dai raggi solari","author":"Farmacia Tacconi","date":"Mer 12\/04\/2023","format":false,"excerpt":"L'esposizione ai raggi #solari pu\u00f2 causare una serie di danni alla #pelle, tra cui #scottature, #invecchiamento precoce e #cancro della pelle. Per #proteggere la pelle dai #danni del #sole, \u00e8 importante utilizzare prodotti e #cremeprotettive che contengono #filtri #solari. Tuttavia, non tutte le creme solari sono uguali e acquistare in\u2026","rel":"","context":"In &quot;I Consigli del Tuo Farmacista&quot;","block_context":{"text":"I Consigli del Tuo Farmacista","link":"https:\/\/www.farmaciatacconi.it\/cms2\/category\/informative\/"},"img":{"alt_text":"","src":"https:\/\/i0.wp.com\/www.farmaciatacconi.it\/cms2\/wp-content\/uploads\/2023\/04\/546565365.jpg?resize=350%2C200&ssl=1","width":350,"height":200,"srcset":"https:\/\/i0.wp.com\/www.farmaciatacconi.it\/cms2\/wp-content\/uploads\/2023\/04\/546565365.jpg?resize=350%2C200&ssl=1 1x, https:\/\/i0.wp.com\/www.farmaciatacconi.it\/cms2\/wp-content\/uploads\/2023\/04\/546565365.jpg?resize=525%2C300&ssl=1 1.5x, https:\/\/i0.wp.com\/www.farmaciatacconi.it\/cms2\/wp-content\/uploads\/2023\/04\/546565365.jpg?resize=700%2C400&ssl=1 2x, https:\/\/i0.wp.com\/www.farmaciatacconi.it\/cms2\/wp-content\/uploads\/2023\/04\/546565365.jpg?resize=1050%2C600&ssl=1 3x"},"classes":[]},{"id":4333,"url":"https:\/\/www.farmaciatacconi.it\/cms2\/2023\/08\/28\/%e2%9c%85-limportanza-delle-creme-doposole-tutto-quello-che-devi-sapere\/","url_meta":{"origin":4219,"position":2},"title":"\u2705 L&#8217;importanza delle CREME DOPOSOLE: tutto quello che DEVI sapere","author":"Farmacia Tacconi","date":"Lun 28\/08\/2023","format":false,"excerpt":"La stagione estiva offre l'opportunit\u00e0 ideale per trascorrere piacevoli momenti all'aperto e raggiungere una gradevole #tintarella. Nonostante ci\u00f2, \u00e8 cruciale tenere a mente che l'#esposizione #solare pu\u00f2 avere conseguenze sfavorevoli per la salute della nostra #pelle se non si prendono le dovute accortezze. Per preservare la #salute e la #bellezza\u2026","rel":"","context":"In &quot;I Consigli del Tuo Farmacista&quot;","block_context":{"text":"I Consigli del Tuo Farmacista","link":"https:\/\/www.farmaciatacconi.it\/cms2\/category\/informative\/"},"img":{"alt_text":"","src":"https:\/\/i0.wp.com\/www.farmaciatacconi.it\/cms2\/wp-content\/uploads\/2023\/08\/57654746746.jpg?resize=350%2C200&ssl=1","width":350,"height":200,"srcset":"https:\/\/i0.wp.com\/www.farmaciatacconi.it\/cms2\/wp-content\/uploads\/2023\/08\/57654746746.jpg?resize=350%2C200&ssl=1 1x, https:\/\/i0.wp.com\/www.farmaciatacconi.it\/cms2\/wp-content\/uploads\/2023\/08\/57654746746.jpg?resize=525%2C300&ssl=1 1.5x, https:\/\/i0.wp.com\/www.farmaciatacconi.it\/cms2\/wp-content\/uploads\/2023\/08\/57654746746.jpg?resize=700%2C400&ssl=1 2x, https:\/\/i0.wp.com\/www.farmaciatacconi.it\/cms2\/wp-content\/uploads\/2023\/08\/57654746746.jpg?resize=1050%2C600&ssl=1 3x, https:\/\/i0.wp.com\/www.farmaciatacconi.it\/cms2\/wp-content\/uploads\/2023\/08\/57654746746.jpg?resize=1400%2C800&ssl=1 4x"},"classes":[]},{"id":4843,"url":"https:\/\/www.farmaciatacconi.it\/cms2\/2024\/07\/17\/affrontare-il-caldo-%f0%9f%8c%9e-estivo-consigli-e-rimedi-naturali-dalla-tua-farmacia\/","url_meta":{"origin":4219,"position":3},"title":"Affrontare il Caldo \ud83c\udf1e Estivo: Consigli e Rimedi Naturali dalla Tua Farmacia","author":"Farmacia Tacconi","date":"Mer 17\/07\/2024","format":false,"excerpt":"L'#estate porta con s\u00e9 giornate lunghe e soleggiate, ma anche #temperature elevate che possono diventare difficili da gestire. Il #caldo eccessivo pu\u00f2 causare diversi problemi di #salute, tra cui #disidratazione, colpi di calore, #affaticamento e problemi di #pelle. Fortunatamente, ci sono molti #rimedinaturali e prodotti disponibili in #farmacia che possono\u2026","rel":"","context":"In &quot;News&quot;","block_context":{"text":"News","link":"https:\/\/www.farmaciatacconi.it\/cms2\/category\/news\/"},"img":{"alt_text":"","src":"https:\/\/i0.wp.com\/www.farmaciatacconi.it\/cms2\/wp-content\/uploads\/2024\/07\/435984359.jpg?resize=350%2C200&ssl=1","width":350,"height":200,"srcset":"https:\/\/i0.wp.com\/www.farmaciatacconi.it\/cms2\/wp-content\/uploads\/2024\/07\/435984359.jpg?resize=350%2C200&ssl=1 1x, https:\/\/i0.wp.com\/www.farmaciatacconi.it\/cms2\/wp-content\/uploads\/2024\/07\/435984359.jpg?resize=525%2C300&ssl=1 1.5x, https:\/\/i0.wp.com\/www.farmaciatacconi.it\/cms2\/wp-content\/uploads\/2024\/07\/435984359.jpg?resize=700%2C400&ssl=1 2x, https:\/\/i0.wp.com\/www.farmaciatacconi.it\/cms2\/wp-content\/uploads\/2024\/07\/435984359.jpg?resize=1050%2C600&ssl=1 3x, https:\/\/i0.wp.com\/www.farmaciatacconi.it\/cms2\/wp-content\/uploads\/2024\/07\/435984359.jpg?resize=1400%2C800&ssl=1 4x"},"classes":[]},{"id":4847,"url":"https:\/\/www.farmaciatacconi.it\/cms2\/2024\/07\/25\/%e2%9c%85-quali-prodotti-per-la-salute-portare-in-vacanza-ecco-il-vademecum-indispensabile-per-chi-parte\/","url_meta":{"origin":4219,"position":4},"title":"\u2705 Quali prodotti per la salute portare in vacanza? Ecco il vademecum indispensabile per chi parte!","author":"Farmacia Tacconi","date":"Gio 25\/07\/2024","format":false,"excerpt":"L'estate \u00e8 il momento ideale per le #vacanze, un'opportunit\u00e0 per rilassarsi e godersi il #sole, la #spiaggia o la #montagna. Tuttavia, per garantirsi un'esperienza senza intoppi e per affrontare qualsiasi imprevisto legato alla #salute, \u00e8 fondamentale essere ben preparati. Oltre ai vestiti e agli accessori, \u00e8 importante portare con s\u00e9\u2026","rel":"","context":"In &quot;I Consigli del Tuo Farmacista&quot;","block_context":{"text":"I Consigli del Tuo Farmacista","link":"https:\/\/www.farmaciatacconi.it\/cms2\/category\/informative\/"},"img":{"alt_text":"","src":"https:\/\/i0.wp.com\/www.farmaciatacconi.it\/cms2\/wp-content\/uploads\/2024\/07\/5438598435.jpg?resize=350%2C200&ssl=1","width":350,"height":200,"srcset":"https:\/\/i0.wp.com\/www.farmaciatacconi.it\/cms2\/wp-content\/uploads\/2024\/07\/5438598435.jpg?resize=350%2C200&ssl=1 1x, https:\/\/i0.wp.com\/www.farmaciatacconi.it\/cms2\/wp-content\/uploads\/2024\/07\/5438598435.jpg?resize=525%2C300&ssl=1 1.5x, https:\/\/i0.wp.com\/www.farmaciatacconi.it\/cms2\/wp-content\/uploads\/2024\/07\/5438598435.jpg?resize=700%2C400&ssl=1 2x, https:\/\/i0.wp.com\/www.farmaciatacconi.it\/cms2\/wp-content\/uploads\/2024\/07\/5438598435.jpg?resize=1050%2C600&ssl=1 3x"},"classes":[]},{"id":4321,"url":"https:\/\/www.farmaciatacconi.it\/cms2\/2023\/07\/31\/%e2%9c%85-leczema-solare-prevenzione-e-cura-ecco-come\/","url_meta":{"origin":4219,"position":5},"title":"\u2705 L&#8217;ECZEMA SOLARE: prevenzione e cura &#8211; ecco come","author":"Farmacia Tacconi","date":"Lun 31\/07\/2023","format":false,"excerpt":"L'arrivo dell'#estate porta con s\u00e9 momenti di #relax e divertimento all'aria aperta, ma per alcune #persone pu\u00f2 significare anche affrontare l'#eczema solare. Questo fastidioso #disturbo #cutaneo \u00e8 una #reazione anomala della pelle alla #luce #solare, che pu\u00f2 causare prurito, arrossamento e #vesciche. Per fortuna, con la giusta prevenzione e trattamento,\u2026","rel":"","context":"In &quot;I Consigli del Tuo Farmacista&quot;","block_context":{"text":"I Consigli del Tuo Farmacista","link":"https:\/\/www.farmaciatacconi.it\/cms2\/category\/informative\/"},"img":{"alt_text":"","src":"https:\/\/i0.wp.com\/www.farmaciatacconi.it\/cms2\/wp-content\/uploads\/2023\/07\/856985496.jpg?resize=350%2C200&ssl=1","width":350,"height":200,"srcset":"https:\/\/i0.wp.com\/www.farmaciatacconi.it\/cms2\/wp-content\/uploads\/2023\/07\/856985496.jpg?resize=350%2C200&ssl=1 1x, https:\/\/i0.wp.com\/www.farmaciatacconi.it\/cms2\/wp-content\/uploads\/2023\/07\/856985496.jpg?resize=525%2C300&ssl=1 1.5x, https:\/\/i0.wp.com\/www.farmaciatacconi.it\/cms2\/wp-content\/uploads\/2023\/07\/856985496.jpg?resize=700%2C400&ssl=1 2x, https:\/\/i0.wp.com\/www.farmaciatacconi.it\/cms2\/wp-content\/uploads\/2023\/07\/856985496.jpg?resize=1050%2C600&ssl=1 3x, https:\/\/i0.wp.com\/www.farmaciatacconi.it\/cms2\/wp-content\/uploads\/2023\/07\/856985496.jpg?resize=1400%2C800&ssl=1 4x"},"classes":[]}],"_links":{"self":[{"href":"https:\/\/www.farmaciatacconi.it\/cms2\/wp-json\/wp\/v2\/posts\/4219","targetHints":{"allow":["GET"]}}],"collection":[{"href":"https:\/\/www.farmaciatacconi.it\/cms2\/wp-json\/wp\/v2\/posts"}],"about":[{"href":"https:\/\/www.farmaciatacconi.it\/cms2\/wp-json\/wp\/v2\/types\/post"}],"author":[{"embeddable":true,"href":"https:\/\/www.farmaciatacconi.it\/cms2\/wp-json\/wp\/v2\/users\/1"}],"replies":[{"embeddable":true,"href":"https:\/\/www.farmaciatacconi.it\/cms2\/wp-json\/wp\/v2\/comments?post=4219"}],"version-history":[{"count":6,"href":"https:\/\/www.farmaciatacconi.it\/cms2\/wp-json\/wp\/v2\/posts\/4219\/revisions"}],"predecessor-version":[{"id":4231,"href":"https:\/\/www.farmaciatacconi.it\/cms2\/wp-json\/wp\/v2\/posts\/4219\/revisions\/4231"}],"wp:featuredmedia":[{"embeddable":true,"href":"https:\/\/www.farmaciatacconi.it\/cms2\/wp-json\/wp\/v2\/media\/4225"}],"wp:attachment":[{"href":"https:\/\/www.farmaciatacconi.it\/cms2\/wp-json\/wp\/v2\/media?parent=4219"}],"wp:term":[{"taxonomy":"category","embeddable":true,"href":"https:\/\/www.farmaciatacconi.it\/cms2\/wp-json\/wp\/v2\/categories?post=4219"},{"taxonomy":"post_tag","embeddable":true,"href":"https:\/\/www.farmaciatacconi.it\/cms2\/wp-json\/wp\/v2\/tags?post=4219"}],"curies":[{"name":"wp","href":"https:\/\/api.w.org\/{rel}","templated":true}]}}