{"id":2682,"date":"2021-01-16T08:45:00","date_gmt":"2021-01-16T07:45:00","guid":{"rendered":"http:\/\/www.farmaciatacconi.it\/cms2\/?p=2682"},"modified":"2021-01-15T23:24:34","modified_gmt":"2021-01-15T22:24:34","slug":"sabato-16-01-lazio-zona-%f0%9f%9f%a1-gialla-da-domenica-diventa-%f0%9f%9f%a0-arancione","status":"publish","type":"post","link":"https:\/\/www.farmaciatacconi.it\/cms2\/2021\/01\/16\/sabato-16-01-lazio-zona-%f0%9f%9f%a1-gialla-da-domenica-diventa-%f0%9f%9f%a0-arancione\/","title":{"rendered":"Sabato 16\/01 Lazio zona \ud83d\udfe1 GIALLA da domenica diventa \ud83d\udfe0 ARANCIONE"},"content":{"rendered":"\n<p class=\"has-text-align-justify\">Nell\u2019infografica di oggi andiamo ad analizzare l\u2019o<strong>rdinanza del Ministero della Salute che \u201ccambia il colore\u201d alla Regione Lazio<\/strong> in allerta <strong>Arancione<\/strong> da domenica 17 Gennaio. <strong>Sabato 16 Gennaio, invece, la nostra regione continuer\u00e0 ad osservare le misure anti-Covid di allerta gialla<\/strong>. Nelle infografiche allegate, realizzate dagli Uffici Stampa degli Enti comunali e sovracomunali del Lazio, trovate tutte le regole e i divieti previsti nelle zone arancioni dal DPCM che entrer\u00e0 in vigore dal 17 gennaio.<\/p>\n\n\n\n<div class=\"wp-block-image\"><figure class=\"aligncenter size-large\"><img fetchpriority=\"high\" decoding=\"async\" width=\"940\" height=\"788\" src=\"https:\/\/www.farmaciatacconi.it\/cms2\/wp-content\/uploads\/2021\/01\/photo_2021-01-15_22-45-50.jpg\" alt=\"\" class=\"wp-image-2683\" srcset=\"https:\/\/www.farmaciatacconi.it\/cms2\/wp-content\/uploads\/2021\/01\/photo_2021-01-15_22-45-50.jpg 940w, https:\/\/www.farmaciatacconi.it\/cms2\/wp-content\/uploads\/2021\/01\/photo_2021-01-15_22-45-50-300x251.jpg 300w, https:\/\/www.farmaciatacconi.it\/cms2\/wp-content\/uploads\/2021\/01\/photo_2021-01-15_22-45-50-768x644.jpg 768w\" sizes=\"(max-width: 940px) 100vw, 940px\" \/><\/figure><\/div>\n\n\n\n<figure class=\"wp-block-gallery columns-2 is-cropped wp-block-gallery-1 is-layout-flex wp-block-gallery-is-layout-flex\"><ul class=\"blocks-gallery-grid\"><li class=\"blocks-gallery-item\"><figure><img decoding=\"async\" width=\"940\" height=\"788\" src=\"https:\/\/www.farmaciatacconi.it\/cms2\/wp-content\/uploads\/2021\/01\/photo_2021-01-15_22-46-31.jpg\" alt=\"\" data-id=\"2685\" data-full-url=\"https:\/\/www.farmaciatacconi.it\/cms2\/wp-content\/uploads\/2021\/01\/photo_2021-01-15_22-46-31.jpg\" data-link=\"https:\/\/www.farmaciatacconi.it\/cms2\/?attachment_id=2685\" class=\"wp-image-2685\" srcset=\"https:\/\/www.farmaciatacconi.it\/cms2\/wp-content\/uploads\/2021\/01\/photo_2021-01-15_22-46-31.jpg 940w, https:\/\/www.farmaciatacconi.it\/cms2\/wp-content\/uploads\/2021\/01\/photo_2021-01-15_22-46-31-300x251.jpg 300w, https:\/\/www.farmaciatacconi.it\/cms2\/wp-content\/uploads\/2021\/01\/photo_2021-01-15_22-46-31-768x644.jpg 768w\" sizes=\"(max-width: 940px) 100vw, 940px\" \/><\/figure><\/li><li class=\"blocks-gallery-item\"><figure><img decoding=\"async\" width=\"940\" height=\"788\" src=\"https:\/\/www.farmaciatacconi.it\/cms2\/wp-content\/uploads\/2021\/01\/photo_2021-01-15_22-46-22-1.jpg\" alt=\"\" data-id=\"2686\" data-full-url=\"https:\/\/www.farmaciatacconi.it\/cms2\/wp-content\/uploads\/2021\/01\/photo_2021-01-15_22-46-22-1.jpg\" data-link=\"https:\/\/www.farmaciatacconi.it\/cms2\/?attachment_id=2686\" class=\"wp-image-2686\" srcset=\"https:\/\/www.farmaciatacconi.it\/cms2\/wp-content\/uploads\/2021\/01\/photo_2021-01-15_22-46-22-1.jpg 940w, https:\/\/www.farmaciatacconi.it\/cms2\/wp-content\/uploads\/2021\/01\/photo_2021-01-15_22-46-22-1-300x251.jpg 300w, https:\/\/www.farmaciatacconi.it\/cms2\/wp-content\/uploads\/2021\/01\/photo_2021-01-15_22-46-22-1-768x644.jpg 768w\" sizes=\"(max-width: 940px) 100vw, 940px\" \/><\/figure><\/li><\/ul><\/figure>\n\n\n\n<p>Infografica a cura degli <strong>Uffici stampa comunali e sovracomunali del Lazio.<\/strong><\/p>\n\n\n\n<p>#covid #covid_19 #salute #scuola #sport #ristorazione #emergenza #coprifuoco #dpcm #lazio #roma #farmacia #farmacie<\/p>\n\n\n\n<p class=\"has-text-align-center has-white-color has-vivid-red-background-color has-text-color has-background\"><em>Informiamo pertanto che, vista la situazione contingente, i servizi in #Farmacia di Telemedicina, l&#8217;Holter, la misurazione della pressione, il servizio foralobi e le analisi di prima istanza,<strong> sono temporaneamente sospesi, per ovvi motivi sanitari legati all&#8217;emergenza<\/strong><\/em><\/p>\n\n\n\n<figure class=\"wp-block-image size-large\"><img loading=\"lazy\" decoding=\"async\" width=\"1024\" height=\"682\" src=\"https:\/\/www.farmaciatacconi.it\/cms2\/wp-content\/uploads\/2020\/10\/pexels-photo-4197564-1024x682.jpeg\" alt=\"set of medical protective face masks\" class=\"wp-image-2376\" srcset=\"https:\/\/www.farmaciatacconi.it\/cms2\/wp-content\/uploads\/2020\/10\/pexels-photo-4197564-1024x682.jpeg 1024w, https:\/\/www.farmaciatacconi.it\/cms2\/wp-content\/uploads\/2020\/10\/pexels-photo-4197564-300x200.jpeg 300w, https:\/\/www.farmaciatacconi.it\/cms2\/wp-content\/uploads\/2020\/10\/pexels-photo-4197564-768x512.jpeg 768w, https:\/\/www.farmaciatacconi.it\/cms2\/wp-content\/uploads\/2020\/10\/pexels-photo-4197564-1536x1024.jpeg 1536w, https:\/\/www.farmaciatacconi.it\/cms2\/wp-content\/uploads\/2020\/10\/pexels-photo-4197564.jpeg 1880w\" sizes=\"(max-width: 1024px) 100vw, 1024px\" \/><\/figure>\n\n\n\n<p class=\"has-text-align-center has-white-color has-vivid-green-cyan-background-color has-text-color has-background\"><em><strong>La Farmacia resta sempre aperta con l&#8217;<a href=\"https:\/\/www.farmaciatacconi.it\/cms2\/orari-e-turni\/\" data-type=\"page\" data-id=\"364\">orario consuet<\/a><\/strong><a href=\"https:\/\/www.farmaciatacconi.it\/cms2\/orari-e-turni\/\" data-type=\"page\" data-id=\"364\"><strong>o<\/strong><\/a><\/em> e tutto <strong>il nostro personale rimane a disposizione<\/strong> per fronteggiare l&#8217;emergenza sanitaria della pandemia<\/p>\n\n\n\n<hr class=\"wp-block-separator\"\/>\n\n\n<ul class=\"wp-block-latest-posts__list is-grid columns-3 has-author wp-block-latest-posts\"><li><div class=\"wp-block-latest-posts__featured-image aligncenter\"><img loading=\"lazy\" decoding=\"async\" width=\"150\" height=\"150\" src=\"https:\/\/www.farmaciatacconi.it\/cms2\/wp-content\/uploads\/2026\/04\/895942589-150x150.jpg\" class=\"attachment-thumbnail size-thumbnail wp-post-image\" alt=\"\" style=\"\" srcset=\"https:\/\/www.farmaciatacconi.it\/cms2\/wp-content\/uploads\/2026\/04\/895942589-150x150.jpg 150w, https:\/\/www.farmaciatacconi.it\/cms2\/wp-content\/uploads\/2026\/04\/895942589-300x300.jpg 300w\" sizes=\"(max-width: 150px) 100vw, 150px\" \/><\/div><a class=\"wp-block-latest-posts__post-title\" href=\"https:\/\/www.farmaciatacconi.it\/cms2\/2026\/04\/29\/%e2%9c%85-somatoline-nuova-nuova-linea-deodoranti-somatolineskinexpert-%e2%9c%a8\/\">\u2705 SOMATOLINE: NUOVA nuova linea deodoranti #SomatolineSkinExpert! \u2728<\/a><div class=\"wp-block-latest-posts__post-author\">di Farmacia Tacconi<\/div><div class=\"wp-block-latest-posts__post-excerpt\">Informiamo i gentili clienti che nella nostra \ud83d\udc99#FarmaciaTacconi\ud83d\udc99 in zona #Finocchio, #ViadiPrataporci e #ViaCasilina \u00e8 arrivata la nuovissima&hellip;<\/div><\/li>\n<li><div class=\"wp-block-latest-posts__featured-image aligncenter\"><img loading=\"lazy\" decoding=\"async\" width=\"150\" height=\"150\" src=\"https:\/\/www.farmaciatacconi.it\/cms2\/wp-content\/uploads\/2026\/04\/59349854859-150x150.jpg\" class=\"attachment-thumbnail size-thumbnail wp-post-image\" alt=\"\" style=\"\" srcset=\"https:\/\/www.farmaciatacconi.it\/cms2\/wp-content\/uploads\/2026\/04\/59349854859-150x150.jpg 150w, https:\/\/www.farmaciatacconi.it\/cms2\/wp-content\/uploads\/2026\/04\/59349854859-300x300.jpg 300w\" sizes=\"(max-width: 150px) 100vw, 150px\" \/><\/div><a class=\"wp-block-latest-posts__post-title\" href=\"https:\/\/www.farmaciatacconi.it\/cms2\/2026\/04\/24\/%f0%9f%92%a1-offerta-vichy-8e-di-sconto-immediato\/\">\ud83d\udca1 OFFERTA VICHY\u00ae: 8\u20ac di SCONTO immediato!<\/a><div class=\"wp-block-latest-posts__post-author\">di Farmacia Tacconi<\/div><div class=\"wp-block-latest-posts__post-excerpt\">Vieni a trovarci in \ud83d\udc99#FarmaciaTacconi\ud83d\udc99 in zona #Finocchio #ViadiPrataporci #ViaCasilina per la grande offerta del prestigioso marchio #VICHY&hellip;<\/div><\/li>\n<li><div class=\"wp-block-latest-posts__featured-image aligncenter\"><img loading=\"lazy\" decoding=\"async\" width=\"150\" height=\"150\" src=\"https:\/\/www.farmaciatacconi.it\/cms2\/wp-content\/uploads\/2026\/04\/immagine-150x150.png\" class=\"attachment-thumbnail size-thumbnail wp-post-image\" alt=\"\" style=\"\" srcset=\"https:\/\/www.farmaciatacconi.it\/cms2\/wp-content\/uploads\/2026\/04\/immagine-150x150.png 150w, https:\/\/www.farmaciatacconi.it\/cms2\/wp-content\/uploads\/2026\/04\/immagine-300x300.png 300w\" sizes=\"(max-width: 150px) 100vw, 150px\" \/><\/div><a class=\"wp-block-latest-posts__post-title\" href=\"https:\/\/www.farmaciatacconi.it\/cms2\/2026\/04\/22\/%f0%9f%92%84evento-22-aprile-makeup-professionale-in-farmacia-%f0%9f%92%96-non-mancare\/\">\ud83d\udc84EVENTO 22 APRILE #MAKEUP PROFESSIONALE IN FARMACIA! \ud83d\udc96 Non mancare!<\/a><div class=\"wp-block-latest-posts__post-author\">di Farmacia Tacconi<\/div><div class=\"wp-block-latest-posts__post-excerpt\">Oggi 22 Aprile in \ud83d\udc99 #FarmaciaTacconi \ud83d\udc99 in zona #Finocchio #ViadiPrataporci #ViaCasilina siete invitat\u0259 per il grande evento&hellip;<\/div><\/li>\n<li><div class=\"wp-block-latest-posts__featured-image aligncenter\"><img loading=\"lazy\" decoding=\"async\" width=\"150\" height=\"150\" src=\"https:\/\/www.farmaciatacconi.it\/cms2\/wp-content\/uploads\/2026\/04\/54985943895-150x150.jpg\" class=\"attachment-thumbnail size-thumbnail wp-post-image\" alt=\"\" style=\"\" srcset=\"https:\/\/www.farmaciatacconi.it\/cms2\/wp-content\/uploads\/2026\/04\/54985943895-150x150.jpg 150w, https:\/\/www.farmaciatacconi.it\/cms2\/wp-content\/uploads\/2026\/04\/54985943895-300x300.jpg 300w\" sizes=\"(max-width: 150px) 100vw, 150px\" \/><\/div><a class=\"wp-block-latest-posts__post-title\" href=\"https:\/\/www.farmaciatacconi.it\/cms2\/2026\/04\/20\/%f0%9f%9f%a2-evento-22-aprile-makeup-%f0%9f%92%84professionale-in-farmacia-%f0%9f%92%96-non-mancare\/\">\ud83d\udfe2 EVENTO 22 APRILE #MAKEUP \ud83d\udc84PROFESSIONALE IN FARMACIA! \ud83d\udc96 Non mancare!<\/a><div class=\"wp-block-latest-posts__post-author\">di Farmacia Tacconi<\/div><div class=\"wp-block-latest-posts__post-excerpt\">Il 22 Aprile in \ud83d\udc99 #FarmaciaTacconi \ud83d\udc99 in zona #Finocchio #ViadiPrataporci #ViaCasilina siete invitat\u0259 per il grande evento&hellip;<\/div><\/li>\n<li><div class=\"wp-block-latest-posts__featured-image aligncenter\"><img loading=\"lazy\" decoding=\"async\" width=\"150\" height=\"150\" src=\"https:\/\/www.farmaciatacconi.it\/cms2\/wp-content\/uploads\/2026\/04\/498259458-150x150.jpg\" class=\"attachment-thumbnail size-thumbnail wp-post-image\" alt=\"\" style=\"\" srcset=\"https:\/\/www.farmaciatacconi.it\/cms2\/wp-content\/uploads\/2026\/04\/498259458-150x150.jpg 150w, https:\/\/www.farmaciatacconi.it\/cms2\/wp-content\/uploads\/2026\/04\/498259458-300x300.jpg 300w\" sizes=\"(max-width: 150px) 100vw, 150px\" \/><\/div><a class=\"wp-block-latest-posts__post-title\" href=\"https:\/\/www.farmaciatacconi.it\/cms2\/2026\/04\/17\/dolomia%f0%9f%92%84-30-subito-sui-fondotinta-per-una-base-perfetta\/\">Dolomia\ud83d\udc84: -30% SUBITO sui #fondotinta per una base perfetta!<\/a><div class=\"wp-block-latest-posts__post-author\">di Farmacia Tacconi<\/div><div class=\"wp-block-latest-posts__post-excerpt\">Presso la nostra #FarmaciaTacconi a #Finocchio lungo la storica #ViaCasilina, siamo felici di annunciare una grande novit\u00e0 con&hellip;<\/div><\/li>\n<li><div class=\"wp-block-latest-posts__featured-image aligncenter\"><img loading=\"lazy\" decoding=\"async\" width=\"150\" height=\"150\" src=\"https:\/\/www.farmaciatacconi.it\/cms2\/wp-content\/uploads\/2026\/04\/3984942598-150x150.jpg\" class=\"attachment-thumbnail size-thumbnail wp-post-image\" alt=\"\" style=\"\" srcset=\"https:\/\/www.farmaciatacconi.it\/cms2\/wp-content\/uploads\/2026\/04\/3984942598-150x150.jpg 150w, https:\/\/www.farmaciatacconi.it\/cms2\/wp-content\/uploads\/2026\/04\/3984942598-300x300.jpg 300w\" sizes=\"(max-width: 150px) 100vw, 150px\" \/><\/div><a class=\"wp-block-latest-posts__post-title\" href=\"https:\/\/www.farmaciatacconi.it\/cms2\/2026\/04\/16\/%e2%9a%a1%ef%b8%8fofferta-a-tempo-apivita-%f0%9f%90%9d-25-subito-sulla-linea-queen-bee\/\">\u26a1\ufe0fOFFERTA a tempo APIVITA \ud83d\udc1d: -25% SUBITO sulla linea QUEEN BEE<\/a><div class=\"wp-block-latest-posts__post-author\">di Farmacia Tacconi<\/div><div class=\"wp-block-latest-posts__post-excerpt\">Scopri la linea #QueenBee di #APIVITA in #offerta speciale nella nostra #farmaciatacconi.it: -25% SUBITO! \ud83c\udf89 QueenBee \u00e8 una&hellip;<\/div><\/li>\n<\/ul>\n\n\n<p class=\"has-text-align-center\">#insiemecelapossiamofare #tuttoandr\u00e0bene<\/p>\n\n\n\n<h3 class=\"has-text-align-center wp-block-heading\">\ud83d\udc99 <strong><a href=\"http:\/\/www.farmaciatacconi.it\">FARMACIA TACCONI<\/a><\/strong> \ud83d\udc99<\/h3>\n\n\n\n<h3 class=\"has-text-align-center wp-block-heading\">= <em>La <a href=\"http:\/\/www.farmaciatacconi.it\">Farmacia<\/a> di fiducia del TUO quartiere<\/em> =<\/h3>\n\n\n\n<p class=\"has-text-align-center\">[U<em>nica Sede \u2013 Farmacia di Turno Aperta \u2013 <strong>Oltre 250 MQ di esposizione<\/strong> \u2013 Zona Finocchio Borghesiana]<\/em><\/p>\n\n\n\n<p>\ud83e\udded <strong>Via di Prataporci n.4 \u2013 00132 ROMA<\/strong><\/p>\n\n\n\n<p><em>[Incrocio lungo la Via Casilina]<\/em><br><br>\ud83d\udd17 http:\/\/<a href=\"http:\/\/www.farmaciatacconi.it\">www.farmaciatacconi.it<\/a><br>\u2709\ufe0f <a href=\"mailto:info@farmaciatacconi.it\">info@farmaciatacconi.it<\/a><br>\ud83d\udcde <strong>06 207 60 354<\/strong><br><br><a href=\"https:\/\/t.me\/farmaciatacconi\">Iscriviti ORA gratis<\/a> sul Canale <strong>Telegram <\/strong>della Farmacia:<br><br>\ud83d\udd11 <a href=\"https:\/\/t.me\/farmaciatacconi\">https:\/\/t.me\/farmaciatacconi<\/a><\/p>\n","protected":false},"excerpt":{"rendered":"<p>Nell\u2019infografica di oggi andiamo ad analizzare l\u2019ordinanza del Ministero della Salute che \u201ccambia il colore\u201d alla Regione Lazio in allerta Arancione da domenica 17 Gennaio. Sabato 16 Gennaio, invece, la nostra regione continuer\u00e0 ad osservare le misure anti-Covid di allerta gialla. Nelle infografiche allegate, realizzate dagli Uffici Stampa degli Enti comunali e sovracomunali del Lazio,&hellip;<\/p>\n","protected":false},"author":1,"featured_media":2683,"comment_status":"closed","ping_status":"closed","sticky":false,"template":"","format":"standard","meta":{"jetpack_post_was_ever_published":false,"_jetpack_newsletter_access":"","_jetpack_dont_email_post_to_subs":false,"_jetpack_newsletter_tier_id":0,"_jetpack_memberships_contains_paywalled_content":false,"_jetpack_memberships_contains_paid_content":false,"footnotes":"","jetpack_publicize_message":"","jetpack_publicize_feature_enabled":true,"jetpack_social_post_already_shared":true,"jetpack_social_options":{"image_generator_settings":{"template":"highway","default_image_id":0,"font":"","enabled":false},"version":2}},"categories":[15,20,13,3,17],"tags":[583,574,585,660,575],"class_list":["post-2682","post","type-post","status-publish","format-standard","has-post-thumbnail","hentry","category-comunicazioni","category-convenzioni","category-informative","category-news","category-offerte","tag-coprifuoco","tag-dpcm","tag-lazio","tag-misure-anticovid","tag-nuove-misure-covid"],"jetpack_publicize_connections":[],"jetpack_featured_media_url":"https:\/\/www.farmaciatacconi.it\/cms2\/wp-content\/uploads\/2021\/01\/photo_2021-01-15_22-45-50.jpg","jetpack_sharing_enabled":true,"jetpack_likes_enabled":true,"jetpack-related-posts":[{"id":2416,"url":"https:\/\/www.farmaciatacconi.it\/cms2\/2020\/11\/04\/nuovo-dpcm-del-4-novembre-2020-la-regione-lazio-e-zona-gialla\/","url_meta":{"origin":2682,"position":0},"title":"\u2139\ufe0f Nuovo #DPCM del 4 novembre 2020 &#8211; la Regione Lazio \u00e8 zona \ud83d\udfe1 GIALLA","author":"Farmacia Tacconi","date":"Mer 04\/11\/2020","format":false,"excerpt":"Informiamo che il nuovo #DPCM \u00e8 stato appena firmato ed elenchiamo in questa #infografica tutte le misure previste, valide dalla giornata di gioved\u00ec 5 novembre fino a gioved\u00ec 3 dicembre. Le misure sono suddivise in zone, #GIALLA, #ARANCIONE e #ROSSA differenziate in base ai differenti #scenari di #rischio. \ud83d\udfe1 Zona\u2026","rel":"","context":"In &quot;Comunicazioni&quot;","block_context":{"text":"Comunicazioni","link":"https:\/\/www.farmaciatacconi.it\/cms2\/category\/comunicazioni\/"},"img":{"alt_text":"","src":"https:\/\/i0.wp.com\/www.farmaciatacconi.it\/cms2\/wp-content\/uploads\/2020\/11\/immagine.png?resize=350%2C200&ssl=1","width":350,"height":200,"srcset":"https:\/\/i0.wp.com\/www.farmaciatacconi.it\/cms2\/wp-content\/uploads\/2020\/11\/immagine.png?resize=350%2C200&ssl=1 1x, https:\/\/i0.wp.com\/www.farmaciatacconi.it\/cms2\/wp-content\/uploads\/2020\/11\/immagine.png?resize=525%2C300&ssl=1 1.5x, https:\/\/i0.wp.com\/www.farmaciatacconi.it\/cms2\/wp-content\/uploads\/2020\/11\/immagine.png?resize=700%2C400&ssl=1 2x"},"classes":[]},{"id":2784,"url":"https:\/\/www.farmaciatacconi.it\/cms2\/2021\/03\/15\/%e2%84%b9%ef%b8%8f-il-lazio-da-oggi-diventa-zona-%f0%9f%94%b4-rossa-ecco-le-nuove-regole\/","url_meta":{"origin":2682,"position":1},"title":"\u2139\ufe0f Il Lazio da OGGI diventa zona \ud83d\udd34 ROSSA: ecco le nuove regole","author":"Farmacia Tacconi","date":"Lun 15\/03\/2021","format":false,"excerpt":"Nell\u2019infografica allegata segnaliamo che il Lazio da oggi cambia il colore andando in zona => ROSSA. Il Presidente della #RegioneLazio Nicola #Zingaretti ha infatti confermato che la Regione Lazio da luned\u00ec 15 marzo 2021 passa dalla zona gialla alla ZONA ROSSA. In aggiunta a questo provvedimento che riguarda la nostra\u2026","rel":"","context":"In &quot;Comunicazioni&quot;","block_context":{"text":"Comunicazioni","link":"https:\/\/www.farmaciatacconi.it\/cms2\/category\/comunicazioni\/"},"img":{"alt_text":"","src":"https:\/\/i0.wp.com\/www.farmaciatacconi.it\/cms2\/wp-content\/uploads\/2021\/03\/photo_2021-03-13_23-42-16.jpg?resize=350%2C200&ssl=1","width":350,"height":200,"srcset":"https:\/\/i0.wp.com\/www.farmaciatacconi.it\/cms2\/wp-content\/uploads\/2021\/03\/photo_2021-03-13_23-42-16.jpg?resize=350%2C200&ssl=1 1x, https:\/\/i0.wp.com\/www.farmaciatacconi.it\/cms2\/wp-content\/uploads\/2021\/03\/photo_2021-03-13_23-42-16.jpg?resize=525%2C300&ssl=1 1.5x, https:\/\/i0.wp.com\/www.farmaciatacconi.it\/cms2\/wp-content\/uploads\/2021\/03\/photo_2021-03-13_23-42-16.jpg?resize=700%2C400&ssl=1 2x"},"classes":[]},{"id":2553,"url":"https:\/\/www.farmaciatacconi.it\/cms2\/2020\/12\/04\/%e2%84%b9%ef%b8%8f-nuovo-dpcm-per-la-pandemia-le-%e2%9b%94%ef%b8%8f-misure-per-il-natale\/","url_meta":{"origin":2682,"position":2},"title":"\u2139\ufe0f Nuovo #DPCM per la Pandemia: le \u26d4\ufe0f misure per il Natale","author":"Farmacia Tacconi","date":"Ven 04\/12\/2020","format":false,"excerpt":"Nell\u2019infografica di oggi andiamo ad analizzare il nuovo Decreto #DPCM, in vigore da OGGI fino al 15 Gennaio. Spostamenti, coprifuoco, ristoranti, scuole, negozi e centri commerciali, sport, impianti sciistici e crociere: questi i temi affrontati dal Governo in vista del Natale e delle feste. Dal 21 Dicembre al 6 Gennaio\u2026","rel":"","context":"In &quot;Comunicazioni&quot;","block_context":{"text":"Comunicazioni","link":"https:\/\/www.farmaciatacconi.it\/cms2\/category\/comunicazioni\/"},"img":{"alt_text":"","src":"https:\/\/i0.wp.com\/www.farmaciatacconi.it\/cms2\/wp-content\/uploads\/2020\/12\/photo_2020-12-03_23-12-58_r.jpg?resize=350%2C200&ssl=1","width":350,"height":200},"classes":[]},{"id":2886,"url":"https:\/\/www.farmaciatacconi.it\/cms2\/2021\/05\/24\/%e2%84%b9%ef%b8%8f-roadmap-delle-riaperture-e-allungamento-eliminazione-del-coprifuoco\/","url_meta":{"origin":2682,"position":3},"title":"\u2139\ufe0f RoadMap delle RIAPERTURE e riduzione\/eliminazione del coprifuoco","author":"Farmacia Tacconi","date":"Lun 24\/05\/2021","format":false,"excerpt":"Il Consiglio dei Ministri ha recentemente approvato il nuovo decreto riaperture, dopo l'accordo unanime ottenuto nella riunione della Cabina di regia sulla gestione della nuova fase della pandemia . Nell\u2019infografica a cura degli Uffici stampa degli Enti comunali e sovracomunali del Lazio tutte le nuove misure approvate. \ud83d\udc49COPRIFUOCO Da Mercoled\u00ec\u2026","rel":"","context":"In &quot;Comunicazioni&quot;","block_context":{"text":"Comunicazioni","link":"https:\/\/www.farmaciatacconi.it\/cms2\/category\/comunicazioni\/"},"img":{"alt_text":"","src":"https:\/\/i0.wp.com\/www.farmaciatacconi.it\/cms2\/wp-content\/uploads\/2021\/05\/photo_2021-05-24_00-03-55.jpg?resize=350%2C200&ssl=1","width":350,"height":200,"srcset":"https:\/\/i0.wp.com\/www.farmaciatacconi.it\/cms2\/wp-content\/uploads\/2021\/05\/photo_2021-05-24_00-03-55.jpg?resize=350%2C200&ssl=1 1x, https:\/\/i0.wp.com\/www.farmaciatacconi.it\/cms2\/wp-content\/uploads\/2021\/05\/photo_2021-05-24_00-03-55.jpg?resize=525%2C300&ssl=1 1.5x, https:\/\/i0.wp.com\/www.farmaciatacconi.it\/cms2\/wp-content\/uploads\/2021\/05\/photo_2021-05-24_00-03-55.jpg?resize=700%2C400&ssl=1 2x"},"classes":[]},{"id":2613,"url":"https:\/\/www.farmaciatacconi.it\/cms2\/2020\/12\/23\/ecco-le-regole-pratiche-antipandemia-per-le-feste-di-natale-2020\/","url_meta":{"origin":2682,"position":4},"title":"\u2139\ufe0f Ecco le regole pratiche \u26d4\ufe0f antipandemia per le feste del 2020","author":"Farmacia Tacconi","date":"Mer 23\/12\/2020","format":false,"excerpt":"Nell\u2019infografica di oggi andiamo ad analizzare il nuovo Decreto #DPCM per il #decreto #NATALE2020 con le misure per contenere la pandemia da #Covid19 che partiranno da DOMANI 24 dicembre. Spostamenti, coprifuoco, ristoranti, oltre alle visite concesse ai parenti una volta al giorno, a solo due persone e minori, nei giorni\u2026","rel":"","context":"In &quot;Comunicazioni&quot;","block_context":{"text":"Comunicazioni","link":"https:\/\/www.farmaciatacconi.it\/cms2\/category\/comunicazioni\/"},"img":{"alt_text":"","src":"https:\/\/i0.wp.com\/www.farmaciatacconi.it\/cms2\/wp-content\/uploads\/2020\/12\/decreto_natale_farmacia_Tacconi_via_Casilina_prataporci_borgata_finocchio_borghesiana.jpg?resize=350%2C200&ssl=1","width":350,"height":200,"srcset":"https:\/\/i0.wp.com\/www.farmaciatacconi.it\/cms2\/wp-content\/uploads\/2020\/12\/decreto_natale_farmacia_Tacconi_via_Casilina_prataporci_borgata_finocchio_borghesiana.jpg?resize=350%2C200&ssl=1 1x, https:\/\/i0.wp.com\/www.farmaciatacconi.it\/cms2\/wp-content\/uploads\/2020\/12\/decreto_natale_farmacia_Tacconi_via_Casilina_prataporci_borgata_finocchio_borghesiana.jpg?resize=525%2C300&ssl=1 1.5x, https:\/\/i0.wp.com\/www.farmaciatacconi.it\/cms2\/wp-content\/uploads\/2020\/12\/decreto_natale_farmacia_Tacconi_via_Casilina_prataporci_borgata_finocchio_borghesiana.jpg?resize=700%2C400&ssl=1 2x, https:\/\/i0.wp.com\/www.farmaciatacconi.it\/cms2\/wp-content\/uploads\/2020\/12\/decreto_natale_farmacia_Tacconi_via_Casilina_prataporci_borgata_finocchio_borghesiana.jpg?resize=1050%2C600&ssl=1 3x"},"classes":[]},{"id":2621,"url":"https:\/\/www.farmaciatacconi.it\/cms2\/2020\/12\/28\/comirnaty-e-il-vaccino-contro-il-coronavirus-ecco-cosa-ce-da-sapere\/","url_meta":{"origin":2682,"position":5},"title":"\u2139\ufe0f Comirnaty \u00e8 il \ud83d\udc89 vaccino contro il CORONAVIRUS: ecco cosa c&#8217;\u00e8 da sapere secondo AIFA","author":"Farmacia Tacconi","date":"Lun 28\/12\/2020","format":false,"excerpt":"#Comirnaty #BioNTech #Pfizer \u00e8 il primo #vaccino approvato dagli organismi di regolamentazione nazionali ed internazionali, destinato a prevenire la #malattia da #coronavirus 2019 (#COVID-19) nei soggetti di et\u00e0 pari o superiore a 16 anni. Contiene una molecola denominata #RNA messaggero (mRNA) con le istruzioni per produrre una proteina presente sul\u2026","rel":"","context":"In &quot;Comunicazioni&quot;","block_context":{"text":"Comunicazioni","link":"https:\/\/www.farmaciatacconi.it\/cms2\/category\/comunicazioni\/"},"img":{"alt_text":"person holding syringe","src":"https:\/\/i0.wp.com\/www.farmaciatacconi.it\/cms2\/wp-content\/uploads\/2020\/12\/pexels-photo-3952224-e1609118663402.jpeg?resize=350%2C200&ssl=1","width":350,"height":200,"srcset":"https:\/\/i0.wp.com\/www.farmaciatacconi.it\/cms2\/wp-content\/uploads\/2020\/12\/pexels-photo-3952224-e1609118663402.jpeg?resize=350%2C200&ssl=1 1x, https:\/\/i0.wp.com\/www.farmaciatacconi.it\/cms2\/wp-content\/uploads\/2020\/12\/pexels-photo-3952224-e1609118663402.jpeg?resize=525%2C300&ssl=1 1.5x, https:\/\/i0.wp.com\/www.farmaciatacconi.it\/cms2\/wp-content\/uploads\/2020\/12\/pexels-photo-3952224-e1609118663402.jpeg?resize=700%2C400&ssl=1 2x"},"classes":[]}],"_links":{"self":[{"href":"https:\/\/www.farmaciatacconi.it\/cms2\/wp-json\/wp\/v2\/posts\/2682","targetHints":{"allow":["GET"]}}],"collection":[{"href":"https:\/\/www.farmaciatacconi.it\/cms2\/wp-json\/wp\/v2\/posts"}],"about":[{"href":"https:\/\/www.farmaciatacconi.it\/cms2\/wp-json\/wp\/v2\/types\/post"}],"author":[{"embeddable":true,"href":"https:\/\/www.farmaciatacconi.it\/cms2\/wp-json\/wp\/v2\/users\/1"}],"replies":[{"embeddable":true,"href":"https:\/\/www.farmaciatacconi.it\/cms2\/wp-json\/wp\/v2\/comments?post=2682"}],"version-history":[{"count":2,"href":"https:\/\/www.farmaciatacconi.it\/cms2\/wp-json\/wp\/v2\/posts\/2682\/revisions"}],"predecessor-version":[{"id":2688,"href":"https:\/\/www.farmaciatacconi.it\/cms2\/wp-json\/wp\/v2\/posts\/2682\/revisions\/2688"}],"wp:featuredmedia":[{"embeddable":true,"href":"https:\/\/www.farmaciatacconi.it\/cms2\/wp-json\/wp\/v2\/media\/2683"}],"wp:attachment":[{"href":"https:\/\/www.farmaciatacconi.it\/cms2\/wp-json\/wp\/v2\/media?parent=2682"}],"wp:term":[{"taxonomy":"category","embeddable":true,"href":"https:\/\/www.farmaciatacconi.it\/cms2\/wp-json\/wp\/v2\/categories?post=2682"},{"taxonomy":"post_tag","embeddable":true,"href":"https:\/\/www.farmaciatacconi.it\/cms2\/wp-json\/wp\/v2\/tags?post=2682"}],"curies":[{"name":"wp","href":"https:\/\/api.w.org\/{rel}","templated":true}]}}