{"id":2470,"date":"2020-11-13T08:45:57","date_gmt":"2020-11-13T07:45:57","guid":{"rendered":"http:\/\/www.farmaciatacconi.it\/cms2\/?p=2470"},"modified":"2020-11-13T01:19:39","modified_gmt":"2020-11-13T00:19:39","slug":"da-oggi-nuovo-servizio-per-celiaci-con-cns-pin-regionale","status":"publish","type":"post","link":"https:\/\/www.farmaciatacconi.it\/cms2\/2020\/11\/13\/da-oggi-nuovo-servizio-per-celiaci-con-cns-pin-regionale\/","title":{"rendered":"Da oggi NUOVO servizio per CELIACI con CNS + pin regionale"},"content":{"rendered":"\n<p class=\"has-text-align-justify\">Informiamo che nella nostra \ud83d\udc99#Farmacia\ud83d\udc99 e per tutto il #QuartiereFinocchio sulla #ViaCasilina, <strong>sar\u00e0 da oggi possibile ottenere alimenti speciali per celiaci (senza glutine) tramite il nuovo sistema di gestione e dispensazione previsto nella regione Lazio<\/strong> con plafond mensile scalare non cumulabile tramite Carta CNS (la tessera sanitaria). Abbiamo aggiornato tutti gli strumenti informatici <strong>per accedere a tale sistema tramite #CNS+PIN<\/strong> e siamo in grado di erogare gli alimenti senza glutine di cui necessita chi soffre di #celiachia, <strong>scalando il valore di tali prodotti dalle somme messe a disposizione dal Sistema Sanitario Nazionale per chi soffre di questa malattia.<\/strong><\/p>\n\n\n\n<p class=\"has-text-align-justify\"><em>Nella Regione Lazio, <strong>le modalit\u00e0 di erogazione dei buoni per chi soffre di celiachia ora \u00e8 solo tramite <span style=\"text-decoration: underline;\">CNS<\/span><\/strong> (Carta Nazionale dei Servizi) che deve essere attivata e abilitata dalla ASL di riferimento per tale servizio.<\/em><\/p>\n\n\n\n<h5 class=\"has-text-align-center has-white-color has-vivid-red-background-color has-text-color has-background wp-block-heading\">Venite in farmacia o <a href=\"https:\/\/www.farmaciatacconi.it\/cms2\/contattaci\/\" data-type=\"page\" data-id=\"73\">contattateci<\/a> per avere informazioni in merito ai prodotti per possiamo offrire per chi soffre di #celiachia<\/h5>\n\n\n\n<hr class=\"wp-block-separator\"\/>\n\n\n\n<blockquote class=\"wp-block-quote has-text-align-center is-style-large is-layout-flow wp-block-quote-is-layout-flow\"><p>Cerchiamo <strong>di seguire responsabilmente tutte le importanti regole sulla sicurezza<\/strong> che sono state date: adesso mettere all\u2019angolo il <strong>SARS-CoV-2<\/strong> dipende da ognuno di noi e dai nostri comportamenti quotidiani!<\/p><\/blockquote>\n\n\n\n<hr class=\"wp-block-separator\"\/>\n\n\n<ul class=\"wp-block-latest-posts__list is-grid columns-3 has-author aligncenter wp-block-latest-posts\"><li><div class=\"wp-block-latest-posts__featured-image aligncenter\"><img decoding=\"async\" width=\"150\" height=\"150\" src=\"https:\/\/www.farmaciatacconi.it\/cms2\/wp-content\/uploads\/2026\/04\/59349854859-150x150.jpg\" class=\"attachment-thumbnail size-thumbnail wp-post-image\" alt=\"\" style=\"\" srcset=\"https:\/\/www.farmaciatacconi.it\/cms2\/wp-content\/uploads\/2026\/04\/59349854859-150x150.jpg 150w, https:\/\/www.farmaciatacconi.it\/cms2\/wp-content\/uploads\/2026\/04\/59349854859-300x300.jpg 300w\" sizes=\"(max-width: 150px) 100vw, 150px\" \/><\/div><a class=\"wp-block-latest-posts__post-title\" href=\"https:\/\/www.farmaciatacconi.it\/cms2\/2026\/04\/24\/%f0%9f%92%a1-offerta-vichy-8e-di-sconto-immediato\/\">\ud83d\udca1 OFFERTA VICHY\u00ae: 8\u20ac di SCONTO immediato!<\/a><div class=\"wp-block-latest-posts__post-author\">di Farmacia Tacconi<\/div><div class=\"wp-block-latest-posts__post-excerpt\">Vieni a trovarci in \ud83d\udc99#FarmaciaTacconi\ud83d\udc99 in zona #Finocchio #ViadiPrataporci #ViaCasilina per la grande offerta del prestigioso&hellip;<\/div><\/li>\n<li><div class=\"wp-block-latest-posts__featured-image aligncenter\"><img decoding=\"async\" width=\"150\" height=\"150\" src=\"https:\/\/www.farmaciatacconi.it\/cms2\/wp-content\/uploads\/2026\/04\/immagine-150x150.png\" class=\"attachment-thumbnail size-thumbnail wp-post-image\" alt=\"\" style=\"\" srcset=\"https:\/\/www.farmaciatacconi.it\/cms2\/wp-content\/uploads\/2026\/04\/immagine-150x150.png 150w, https:\/\/www.farmaciatacconi.it\/cms2\/wp-content\/uploads\/2026\/04\/immagine-300x300.png 300w\" sizes=\"(max-width: 150px) 100vw, 150px\" \/><\/div><a class=\"wp-block-latest-posts__post-title\" href=\"https:\/\/www.farmaciatacconi.it\/cms2\/2026\/04\/22\/%f0%9f%92%84evento-22-aprile-makeup-professionale-in-farmacia-%f0%9f%92%96-non-mancare\/\">\ud83d\udc84EVENTO 22 APRILE #MAKEUP PROFESSIONALE IN FARMACIA! \ud83d\udc96 Non mancare!<\/a><div class=\"wp-block-latest-posts__post-author\">di Farmacia Tacconi<\/div><div class=\"wp-block-latest-posts__post-excerpt\">Oggi 22 Aprile in \ud83d\udc99 #FarmaciaTacconi \ud83d\udc99 in zona #Finocchio #ViadiPrataporci #ViaCasilina siete invitat\u0259 per il&hellip;<\/div><\/li>\n<li><div class=\"wp-block-latest-posts__featured-image aligncenter\"><img decoding=\"async\" width=\"150\" height=\"150\" src=\"https:\/\/www.farmaciatacconi.it\/cms2\/wp-content\/uploads\/2026\/04\/54985943895-150x150.jpg\" class=\"attachment-thumbnail size-thumbnail wp-post-image\" alt=\"\" style=\"\" srcset=\"https:\/\/www.farmaciatacconi.it\/cms2\/wp-content\/uploads\/2026\/04\/54985943895-150x150.jpg 150w, https:\/\/www.farmaciatacconi.it\/cms2\/wp-content\/uploads\/2026\/04\/54985943895-300x300.jpg 300w\" sizes=\"(max-width: 150px) 100vw, 150px\" \/><\/div><a class=\"wp-block-latest-posts__post-title\" href=\"https:\/\/www.farmaciatacconi.it\/cms2\/2026\/04\/20\/%f0%9f%9f%a2-evento-22-aprile-makeup-%f0%9f%92%84professionale-in-farmacia-%f0%9f%92%96-non-mancare\/\">\ud83d\udfe2 EVENTO 22 APRILE #MAKEUP \ud83d\udc84PROFESSIONALE IN FARMACIA! \ud83d\udc96 Non mancare!<\/a><div class=\"wp-block-latest-posts__post-author\">di Farmacia Tacconi<\/div><div class=\"wp-block-latest-posts__post-excerpt\">Il 22 Aprile in \ud83d\udc99 #FarmaciaTacconi \ud83d\udc99 in zona #Finocchio #ViadiPrataporci #ViaCasilina siete invitat\u0259 per il&hellip;<\/div><\/li>\n<li><div class=\"wp-block-latest-posts__featured-image aligncenter\"><img loading=\"lazy\" decoding=\"async\" width=\"150\" height=\"150\" src=\"https:\/\/www.farmaciatacconi.it\/cms2\/wp-content\/uploads\/2026\/04\/498259458-150x150.jpg\" class=\"attachment-thumbnail size-thumbnail wp-post-image\" alt=\"\" style=\"\" srcset=\"https:\/\/www.farmaciatacconi.it\/cms2\/wp-content\/uploads\/2026\/04\/498259458-150x150.jpg 150w, https:\/\/www.farmaciatacconi.it\/cms2\/wp-content\/uploads\/2026\/04\/498259458-300x300.jpg 300w\" sizes=\"(max-width: 150px) 100vw, 150px\" \/><\/div><a class=\"wp-block-latest-posts__post-title\" href=\"https:\/\/www.farmaciatacconi.it\/cms2\/2026\/04\/17\/dolomia%f0%9f%92%84-30-subito-sui-fondotinta-per-una-base-perfetta\/\">Dolomia\ud83d\udc84: -30% SUBITO sui #fondotinta per una base perfetta!<\/a><div class=\"wp-block-latest-posts__post-author\">di Farmacia Tacconi<\/div><div class=\"wp-block-latest-posts__post-excerpt\">Presso la nostra #FarmaciaTacconi a #Finocchio lungo la storica #ViaCasilina, siamo felici di annunciare una grande&hellip;<\/div><\/li>\n<li><div class=\"wp-block-latest-posts__featured-image aligncenter\"><img loading=\"lazy\" decoding=\"async\" width=\"150\" height=\"150\" src=\"https:\/\/www.farmaciatacconi.it\/cms2\/wp-content\/uploads\/2026\/04\/3984942598-150x150.jpg\" class=\"attachment-thumbnail size-thumbnail wp-post-image\" alt=\"\" style=\"\" srcset=\"https:\/\/www.farmaciatacconi.it\/cms2\/wp-content\/uploads\/2026\/04\/3984942598-150x150.jpg 150w, https:\/\/www.farmaciatacconi.it\/cms2\/wp-content\/uploads\/2026\/04\/3984942598-300x300.jpg 300w\" sizes=\"(max-width: 150px) 100vw, 150px\" \/><\/div><a class=\"wp-block-latest-posts__post-title\" href=\"https:\/\/www.farmaciatacconi.it\/cms2\/2026\/04\/16\/%e2%9a%a1%ef%b8%8fofferta-a-tempo-apivita-%f0%9f%90%9d-25-subito-sulla-linea-queen-bee\/\">\u26a1\ufe0fOFFERTA a tempo APIVITA \ud83d\udc1d: -25% SUBITO sulla linea QUEEN BEE<\/a><div class=\"wp-block-latest-posts__post-author\">di Farmacia Tacconi<\/div><div class=\"wp-block-latest-posts__post-excerpt\">Scopri la linea #QueenBee di #APIVITA in #offerta speciale nella nostra #farmaciatacconi.it: -25% SUBITO! \ud83c\udf89 QueenBee&hellip;<\/div><\/li>\n<li><div class=\"wp-block-latest-posts__featured-image aligncenter\"><img loading=\"lazy\" decoding=\"async\" width=\"150\" height=\"150\" src=\"https:\/\/www.farmaciatacconi.it\/cms2\/wp-content\/uploads\/2026\/04\/4858478574-1-150x150.jpg\" class=\"attachment-thumbnail size-thumbnail wp-post-image\" alt=\"\" style=\"\" srcset=\"https:\/\/www.farmaciatacconi.it\/cms2\/wp-content\/uploads\/2026\/04\/4858478574-1-150x150.jpg 150w, https:\/\/www.farmaciatacconi.it\/cms2\/wp-content\/uploads\/2026\/04\/4858478574-1-300x300.jpg 300w\" sizes=\"(max-width: 150px) 100vw, 150px\" \/><\/div><a class=\"wp-block-latest-posts__post-title\" href=\"https:\/\/www.farmaciatacconi.it\/cms2\/2026\/04\/09\/la-roche-posay-12e-subito-sulla-linea-%f0%9f%a7%b4effeclar\/\">LA ROCHE POSAY: -12\u20ac SUBITO sulla linea \ud83e\uddf4EFFACLAR<\/a><div class=\"wp-block-latest-posts__post-author\">di Farmacia Tacconi<\/div><div class=\"wp-block-latest-posts__post-excerpt\">Dal 6 al 19 aprile approfitta dello sconto di 12\u20ac sull\u2019acquisto di due prodotti della linea&hellip;<\/div><\/li>\n<\/ul>\n\n\n<hr class=\"wp-block-separator\"\/>\n\n\n\n<p class=\"has-text-align-center\"><strong>#insiemecelapossiamofare #tuttoandr\u00e0bene<\/strong><\/p>\n\n\n\n<h3 class=\"has-text-align-center wp-block-heading\">\ud83d\udc99 <strong><a href=\"http:\/\/www.farmaciatacconi.it\">FARMACIA TACCONI<\/a><\/strong> \ud83d\udc99<\/h3>\n\n\n\n<h3 class=\"has-text-align-center wp-block-heading\">= <em>La <a href=\"http:\/\/www.farmaciatacconi.it\">Farmacia<\/a> di fiducia del TUO quartiere<\/em> =<\/h3>\n\n\n\n<p class=\"has-text-align-center\">[U<em>nica Sede \u2013 Farmacia di Turno Aperta \u2013 <strong>Oltre 250 MQ di esposizione<\/strong> \u2013 Zona Finocchio Borghesiana]<\/em><\/p>\n\n\n\n<p class=\"has-text-align-center\">\ud83e\udded <strong>Via di Prataporci n.4 \u2013 00132 ROMA<\/strong><\/p>\n\n\n\n<p class=\"has-text-align-center\"><em>[Incrocio lungo la Via Casilina]<\/em><br><br>\ud83d\udd17 http:\/\/<a href=\"http:\/\/www.farmaciatacconi.it\">www.farmaciatacconi.it<\/a><br>\u2709\ufe0f <a href=\"mailto:info@farmaciatacconi.it\">info@farmaciatacconi.it<\/a><br>\ud83d\udcde <strong>06 207 60 354<\/strong><br><br><a href=\"https:\/\/t.me\/farmaciatacconi\">Iscriviti ORA gratis<\/a> sul Canale <strong>Telegram <\/strong>della Farmacia:<br><br>\ud83d\udd11 <a href=\"https:\/\/t.me\/farmaciatacconi\">https:\/\/t.me\/farmaciatacconi<\/a><\/p>\n","protected":false},"excerpt":{"rendered":"<p>Informiamo che nella nostra \ud83d\udc99#Farmacia\ud83d\udc99 e per tutto il #QuartiereFinocchio sulla #ViaCasilina, sar\u00e0 da oggi possibile ottenere alimenti speciali per celiaci (senza glutine) tramite il nuovo sistema di gestione e dispensazione previsto nella regione Lazio con plafond mensile scalare non cumulabile tramite Carta CNS (la tessera sanitaria). Abbiamo aggiornato tutti gli strumenti informatici per accedere&hellip;<\/p>\n","protected":false},"author":1,"featured_media":2473,"comment_status":"closed","ping_status":"closed","sticky":false,"template":"","format":"standard","meta":{"jetpack_post_was_ever_published":false,"_jetpack_newsletter_access":"","_jetpack_dont_email_post_to_subs":false,"_jetpack_newsletter_tier_id":0,"_jetpack_memberships_contains_paywalled_content":false,"_jetpack_memberships_contains_paid_content":false,"footnotes":"","jetpack_publicize_message":"","jetpack_publicize_feature_enabled":true,"jetpack_social_post_already_shared":true,"jetpack_social_options":{"image_generator_settings":{"template":"highway","default_image_id":0,"font":"","enabled":false},"version":2}},"categories":[15,20,3,18],"tags":[631,627,633,332,573,632],"class_list":["post-2470","post","type-post","status-publish","format-standard","has-post-thumbnail","hentry","category-comunicazioni","category-convenzioni","category-news","category-servizi","tag-asl","tag-celiachia","tag-glutenfree","tag-regione-lazio","tag-ssn","tag-tessera-sanitaria"],"jetpack_publicize_connections":[],"jetpack_featured_media_url":"https:\/\/www.farmaciatacconi.it\/cms2\/wp-content\/uploads\/2020\/11\/pexels-photo-5662351_r1.jpeg.png.jpg","jetpack_sharing_enabled":true,"jetpack_likes_enabled":true,"jetpack-related-posts":[{"id":2491,"url":"https:\/\/www.farmaciatacconi.it\/cms2\/2020\/11\/19\/attivo-nuovo-servizio-prodotti-per-diete-aproteiche\/","url_meta":{"origin":2470,"position":0},"title":"Attivo nuovo servizio: PRODOTTI per diete APROTEICHE","author":"Farmacia Tacconi","date":"Gio 19\/11\/2020","format":false,"excerpt":"Informiamo che nella nostra \ud83d\udc99#Farmacia\ud83d\udc99, in servizio per tutto il #QuartiereFinocchio sulla #ViaCasilina, sar\u00e0 da oggi possibile ottenere alimenti speciali certificati per i regimi alimentari #APROTEICI (o #IPOPROTEICI, a basso contenuto di proteine) per #nefropatia (I.R.C. - Insufficienza Renale Cronica), anche tramite apposito codice di esenzione per l'accesso al contributo\u2026","rel":"","context":"In &quot;Comunicazioni&quot;","block_context":{"text":"Comunicazioni","link":"https:\/\/www.farmaciatacconi.it\/cms2\/category\/comunicazioni\/"},"img":{"alt_text":"","src":"https:\/\/i0.wp.com\/www.farmaciatacconi.it\/cms2\/wp-content\/uploads\/2020\/11\/pexels-photo-4033296_r.jpg?resize=350%2C200&ssl=1","width":350,"height":200,"srcset":"https:\/\/i0.wp.com\/www.farmaciatacconi.it\/cms2\/wp-content\/uploads\/2020\/11\/pexels-photo-4033296_r.jpg?resize=350%2C200&ssl=1 1x, https:\/\/i0.wp.com\/www.farmaciatacconi.it\/cms2\/wp-content\/uploads\/2020\/11\/pexels-photo-4033296_r.jpg?resize=525%2C300&ssl=1 1.5x, https:\/\/i0.wp.com\/www.farmaciatacconi.it\/cms2\/wp-content\/uploads\/2020\/11\/pexels-photo-4033296_r.jpg?resize=700%2C400&ssl=1 2x"},"classes":[]},{"id":4348,"url":"https:\/\/www.farmaciatacconi.it\/cms2\/2023\/09\/20\/%e2%9c%85-da-noi-trovi-sempre-eccellenti-prodotti-senza-glutine-per-celiaci-e-puoi-utilizzare-i-tuoi-buoni-spesa-regionali\/","url_meta":{"origin":2470,"position":1},"title":"\u2705 Da noi trovi sempre eccellenti prodotti SENZA GLUTINE per CELIACI e puoi utilizzare i tuoi Buoni Spesa regionali","author":"Farmacia Tacconi","date":"Mer 20\/09\/2023","format":false,"excerpt":"Noi nella nostra #FarmaciaTacconi a #Finocchio sappiamo bene quanto sia importante seguire una dieta #senzaglutine per motivi di salute legati alla #celiachia, e vogliamo rendere questo percorso pi\u00f9 accessibile che mai. Nella nostra #farmacia ci impegniamo sempre ad offrire prodotti alimentari senza #glutine con un largo assortimento e a prezzi\u2026","rel":"","context":"In &quot;Comunicazioni&quot;","block_context":{"text":"Comunicazioni","link":"https:\/\/www.farmaciatacconi.it\/cms2\/category\/comunicazioni\/"},"img":{"alt_text":"","src":"https:\/\/i0.wp.com\/www.farmaciatacconi.it\/cms2\/wp-content\/uploads\/2023\/09\/647647647.jpg?resize=350%2C200&ssl=1","width":350,"height":200,"srcset":"https:\/\/i0.wp.com\/www.farmaciatacconi.it\/cms2\/wp-content\/uploads\/2023\/09\/647647647.jpg?resize=350%2C200&ssl=1 1x, https:\/\/i0.wp.com\/www.farmaciatacconi.it\/cms2\/wp-content\/uploads\/2023\/09\/647647647.jpg?resize=525%2C300&ssl=1 1.5x, https:\/\/i0.wp.com\/www.farmaciatacconi.it\/cms2\/wp-content\/uploads\/2023\/09\/647647647.jpg?resize=700%2C400&ssl=1 2x, https:\/\/i0.wp.com\/www.farmaciatacconi.it\/cms2\/wp-content\/uploads\/2023\/09\/647647647.jpg?resize=1050%2C600&ssl=1 3x, https:\/\/i0.wp.com\/www.farmaciatacconi.it\/cms2\/wp-content\/uploads\/2023\/09\/647647647.jpg?resize=1400%2C800&ssl=1 4x"},"classes":[]},{"id":2784,"url":"https:\/\/www.farmaciatacconi.it\/cms2\/2021\/03\/15\/%e2%84%b9%ef%b8%8f-il-lazio-da-oggi-diventa-zona-%f0%9f%94%b4-rossa-ecco-le-nuove-regole\/","url_meta":{"origin":2470,"position":2},"title":"\u2139\ufe0f Il Lazio da OGGI diventa zona \ud83d\udd34 ROSSA: ecco le nuove regole","author":"Farmacia Tacconi","date":"Lun 15\/03\/2021","format":false,"excerpt":"Nell\u2019infografica allegata segnaliamo che il Lazio da oggi cambia il colore andando in zona => ROSSA. Il Presidente della #RegioneLazio Nicola #Zingaretti ha infatti confermato che la Regione Lazio da luned\u00ec 15 marzo 2021 passa dalla zona gialla alla ZONA ROSSA. In aggiunta a questo provvedimento che riguarda la nostra\u2026","rel":"","context":"In &quot;Comunicazioni&quot;","block_context":{"text":"Comunicazioni","link":"https:\/\/www.farmaciatacconi.it\/cms2\/category\/comunicazioni\/"},"img":{"alt_text":"","src":"https:\/\/i0.wp.com\/www.farmaciatacconi.it\/cms2\/wp-content\/uploads\/2021\/03\/photo_2021-03-13_23-42-16.jpg?resize=350%2C200&ssl=1","width":350,"height":200,"srcset":"https:\/\/i0.wp.com\/www.farmaciatacconi.it\/cms2\/wp-content\/uploads\/2021\/03\/photo_2021-03-13_23-42-16.jpg?resize=350%2C200&ssl=1 1x, https:\/\/i0.wp.com\/www.farmaciatacconi.it\/cms2\/wp-content\/uploads\/2021\/03\/photo_2021-03-13_23-42-16.jpg?resize=525%2C300&ssl=1 1.5x, https:\/\/i0.wp.com\/www.farmaciatacconi.it\/cms2\/wp-content\/uploads\/2021\/03\/photo_2021-03-13_23-42-16.jpg?resize=700%2C400&ssl=1 2x"},"classes":[]},{"id":2416,"url":"https:\/\/www.farmaciatacconi.it\/cms2\/2020\/11\/04\/nuovo-dpcm-del-4-novembre-2020-la-regione-lazio-e-zona-gialla\/","url_meta":{"origin":2470,"position":3},"title":"\u2139\ufe0f Nuovo #DPCM del 4 novembre 2020 &#8211; la Regione Lazio \u00e8 zona \ud83d\udfe1 GIALLA","author":"Farmacia Tacconi","date":"Mer 04\/11\/2020","format":false,"excerpt":"Informiamo che il nuovo #DPCM \u00e8 stato appena firmato ed elenchiamo in questa #infografica tutte le misure previste, valide dalla giornata di gioved\u00ec 5 novembre fino a gioved\u00ec 3 dicembre. Le misure sono suddivise in zone, #GIALLA, #ARANCIONE e #ROSSA differenziate in base ai differenti #scenari di #rischio. \ud83d\udfe1 Zona\u2026","rel":"","context":"In &quot;Comunicazioni&quot;","block_context":{"text":"Comunicazioni","link":"https:\/\/www.farmaciatacconi.it\/cms2\/category\/comunicazioni\/"},"img":{"alt_text":"","src":"https:\/\/i0.wp.com\/www.farmaciatacconi.it\/cms2\/wp-content\/uploads\/2020\/11\/immagine.png?resize=350%2C200&ssl=1","width":350,"height":200,"srcset":"https:\/\/i0.wp.com\/www.farmaciatacconi.it\/cms2\/wp-content\/uploads\/2020\/11\/immagine.png?resize=350%2C200&ssl=1 1x, https:\/\/i0.wp.com\/www.farmaciatacconi.it\/cms2\/wp-content\/uploads\/2020\/11\/immagine.png?resize=525%2C300&ssl=1 1.5x, https:\/\/i0.wp.com\/www.farmaciatacconi.it\/cms2\/wp-content\/uploads\/2020\/11\/immagine.png?resize=700%2C400&ssl=1 2x"},"classes":[]},{"id":2719,"url":"https:\/\/www.farmaciatacconi.it\/cms2\/2021\/02\/02\/prenotazione-%f0%9f%92%89-vaccini-covid-lazio-per-ultraottantenni\/","url_meta":{"origin":2470,"position":4},"title":"Prenotazione \ud83d\udc89 Vaccini COVID Lazio per ultraottantenni","author":"Farmacia Tacconi","date":"Mar 02\/02\/2021","format":false,"excerpt":"Da luned\u00ec 1\u00b0 febbraio le persone con et\u00e0 pari o superiore ad 80 anni potranno prenotare il proprio vaccino anti Covid-19. Sono inclusi nella campagna di vaccinazione anche tutti i nati nel 1941. Per prenotare \u00e8 sufficiente il codice fiscale. Potranno prenotare la vaccinazione anche familiari o conoscenti, con il\u2026","rel":"","context":"In &quot;Comunicazioni&quot;","block_context":{"text":"Comunicazioni","link":"https:\/\/www.farmaciatacconi.it\/cms2\/category\/comunicazioni\/"},"img":{"alt_text":"","src":"https:\/\/i0.wp.com\/www.farmaciatacconi.it\/cms2\/wp-content\/uploads\/2021\/02\/prenotazione_vaccini_covid_v001.jpg?resize=350%2C200&ssl=1","width":350,"height":200},"classes":[]},{"id":2682,"url":"https:\/\/www.farmaciatacconi.it\/cms2\/2021\/01\/16\/sabato-16-01-lazio-zona-%f0%9f%9f%a1-gialla-da-domenica-diventa-%f0%9f%9f%a0-arancione\/","url_meta":{"origin":2470,"position":5},"title":"Sabato 16\/01 Lazio zona \ud83d\udfe1 GIALLA da domenica diventa \ud83d\udfe0 ARANCIONE","author":"Farmacia Tacconi","date":"Sab 16\/01\/2021","format":false,"excerpt":"Nell\u2019infografica di oggi andiamo ad analizzare l\u2019ordinanza del Ministero della Salute che \u201ccambia il colore\u201d alla Regione Lazio in allerta Arancione da domenica 17 Gennaio. Sabato 16 Gennaio, invece, la nostra regione continuer\u00e0 ad osservare le misure anti-Covid di allerta gialla. Nelle infografiche allegate, realizzate dagli Uffici Stampa degli Enti\u2026","rel":"","context":"In &quot;Comunicazioni&quot;","block_context":{"text":"Comunicazioni","link":"https:\/\/www.farmaciatacconi.it\/cms2\/category\/comunicazioni\/"},"img":{"alt_text":"","src":"https:\/\/i0.wp.com\/www.farmaciatacconi.it\/cms2\/wp-content\/uploads\/2021\/01\/photo_2021-01-15_22-45-50.jpg?resize=350%2C200&ssl=1","width":350,"height":200,"srcset":"https:\/\/i0.wp.com\/www.farmaciatacconi.it\/cms2\/wp-content\/uploads\/2021\/01\/photo_2021-01-15_22-45-50.jpg?resize=350%2C200&ssl=1 1x, https:\/\/i0.wp.com\/www.farmaciatacconi.it\/cms2\/wp-content\/uploads\/2021\/01\/photo_2021-01-15_22-45-50.jpg?resize=525%2C300&ssl=1 1.5x, https:\/\/i0.wp.com\/www.farmaciatacconi.it\/cms2\/wp-content\/uploads\/2021\/01\/photo_2021-01-15_22-45-50.jpg?resize=700%2C400&ssl=1 2x"},"classes":[]}],"_links":{"self":[{"href":"https:\/\/www.farmaciatacconi.it\/cms2\/wp-json\/wp\/v2\/posts\/2470","targetHints":{"allow":["GET"]}}],"collection":[{"href":"https:\/\/www.farmaciatacconi.it\/cms2\/wp-json\/wp\/v2\/posts"}],"about":[{"href":"https:\/\/www.farmaciatacconi.it\/cms2\/wp-json\/wp\/v2\/types\/post"}],"author":[{"embeddable":true,"href":"https:\/\/www.farmaciatacconi.it\/cms2\/wp-json\/wp\/v2\/users\/1"}],"replies":[{"embeddable":true,"href":"https:\/\/www.farmaciatacconi.it\/cms2\/wp-json\/wp\/v2\/comments?post=2470"}],"version-history":[{"count":2,"href":"https:\/\/www.farmaciatacconi.it\/cms2\/wp-json\/wp\/v2\/posts\/2470\/revisions"}],"predecessor-version":[{"id":2474,"href":"https:\/\/www.farmaciatacconi.it\/cms2\/wp-json\/wp\/v2\/posts\/2470\/revisions\/2474"}],"wp:featuredmedia":[{"embeddable":true,"href":"https:\/\/www.farmaciatacconi.it\/cms2\/wp-json\/wp\/v2\/media\/2473"}],"wp:attachment":[{"href":"https:\/\/www.farmaciatacconi.it\/cms2\/wp-json\/wp\/v2\/media?parent=2470"}],"wp:term":[{"taxonomy":"category","embeddable":true,"href":"https:\/\/www.farmaciatacconi.it\/cms2\/wp-json\/wp\/v2\/categories?post=2470"},{"taxonomy":"post_tag","embeddable":true,"href":"https:\/\/www.farmaciatacconi.it\/cms2\/wp-json\/wp\/v2\/tags?post=2470"}],"curies":[{"name":"wp","href":"https:\/\/api.w.org\/{rel}","templated":true}]}}