{"id":1110,"date":"2019-11-25T13:33:56","date_gmt":"2019-11-25T12:33:56","guid":{"rendered":"http:\/\/www.farmaciatacconi.it\/cms2\/?p=1110"},"modified":"2019-11-26T00:13:09","modified_gmt":"2019-11-25T23:13:09","slug":"offerta-farmaci-per-raffreddore-e-influenza-fino-al-30-di-sconto-immediato","status":"publish","type":"post","link":"https:\/\/www.farmaciatacconi.it\/cms2\/2019\/11\/25\/offerta-farmaci-per-raffreddore-e-influenza-fino-al-30-di-sconto-immediato\/","title":{"rendered":"Offerta per RAFFREDDORE e INFLUENZA fino al 30% di Sconto immediato"},"content":{"rendered":"\n<p>Per venire incontro alle numerose <strong>richieste dei gentili clienti e pazienti, soprattutto per dare sempre un servizio migliore al nostro quartiere e alla nostra bellissima comunit\u00e0<\/strong>, grazie a speciali accordi instaurati con i nostri fornitori e alla fiducia che ci viene accordata giornalmente, siamo ora in grado di applicare <strong>particolari scontistiche su alcuni prodotti<\/strong>  molto richiesti nella stagione invernale, per il trattamento sintomatico di <strong>raffreddore e influenza<\/strong>:<\/p>\n\n\n\n<div class=\"wp-block-image\"><figure class=\"aligncenter size-large\"><img fetchpriority=\"high\" decoding=\"async\" width=\"1024\" height=\"800\" src=\"https:\/\/www.farmaciatacconi.it\/cms2\/wp-content\/uploads\/2019\/11\/parafarmaci_offerta_25_11_2019_v001-1024x800.jpg\" alt=\"\" class=\"wp-image-1115\" srcset=\"https:\/\/www.farmaciatacconi.it\/cms2\/wp-content\/uploads\/2019\/11\/parafarmaci_offerta_25_11_2019_v001-1024x800.jpg 1024w, https:\/\/www.farmaciatacconi.it\/cms2\/wp-content\/uploads\/2019\/11\/parafarmaci_offerta_25_11_2019_v001-300x234.jpg 300w, https:\/\/www.farmaciatacconi.it\/cms2\/wp-content\/uploads\/2019\/11\/parafarmaci_offerta_25_11_2019_v001-768x600.jpg 768w, https:\/\/www.farmaciatacconi.it\/cms2\/wp-content\/uploads\/2019\/11\/parafarmaci_offerta_25_11_2019_v001.jpg 1500w\" sizes=\"(max-width: 1024px) 100vw, 1024px\" \/><\/figure><\/div>\n\n\n\n<p>L&#8217;offerta speciale prevede:<\/p>\n\n\n\n<ul class=\"wp-block-list\"><li>Nurofen Influenza e Raffreddore <s>anzich\u00e9 9.10<\/s><em><s>\u20ac<\/s><\/em> -&gt; <strong>Offerto a 7,40<\/strong><em><strong>\u20ac<\/strong><\/em><\/li><li>Actifed Spray Nasale <s>anzich\u00e9 9,95<\/s><em><s>\u20ac<\/s><\/em> -&gt; <strong>Offerto a 7,90<\/strong><em><strong>\u20ac<\/strong><\/em><\/li><li>ActiGrip giorno\/notte compresse <s>anzich\u00e9 11,95<\/s><em><s>\u20ac<\/s><\/em> -&gt; <strong>Offerto a 9,00<\/strong><em><strong>\u20ac<\/strong><\/em><\/li><\/ul>\n\n\n\n<figure class=\"wp-block-gallery columns-3 is-cropped wp-block-gallery-1 is-layout-flex wp-block-gallery-is-layout-flex\"><ul class=\"blocks-gallery-grid\"><li class=\"blocks-gallery-item\"><figure><img decoding=\"async\" width=\"600\" height=\"600\" src=\"https:\/\/www.farmaciatacconi.it\/cms2\/wp-content\/uploads\/2019\/11\/actifed_decongestionante.jpg\" alt=\"\" data-id=\"1114\" data-full-url=\"https:\/\/www.farmaciatacconi.it\/cms2\/wp-content\/uploads\/2019\/11\/actifed_decongestionante.jpg\" data-link=\"https:\/\/www.farmaciatacconi.it\/cms2\/?attachment_id=1114\" class=\"wp-image-1114\" srcset=\"https:\/\/www.farmaciatacconi.it\/cms2\/wp-content\/uploads\/2019\/11\/actifed_decongestionante.jpg 600w, https:\/\/www.farmaciatacconi.it\/cms2\/wp-content\/uploads\/2019\/11\/actifed_decongestionante-300x300.jpg 300w, https:\/\/www.farmaciatacconi.it\/cms2\/wp-content\/uploads\/2019\/11\/actifed_decongestionante-150x150.jpg 150w\" sizes=\"(max-width: 600px) 100vw, 600px\" \/><\/figure><\/li><li class=\"blocks-gallery-item\"><figure><img decoding=\"async\" width=\"550\" height=\"669\" src=\"https:\/\/www.farmaciatacconi.it\/cms2\/wp-content\/uploads\/2019\/11\/actigrip_giorno_notte.jpg\" alt=\"\" data-id=\"1113\" data-full-url=\"https:\/\/www.farmaciatacconi.it\/cms2\/wp-content\/uploads\/2019\/11\/actigrip_giorno_notte.jpg\" data-link=\"https:\/\/www.farmaciatacconi.it\/cms2\/?attachment_id=1113\" class=\"wp-image-1113\" srcset=\"https:\/\/www.farmaciatacconi.it\/cms2\/wp-content\/uploads\/2019\/11\/actigrip_giorno_notte.jpg 550w, https:\/\/www.farmaciatacconi.it\/cms2\/wp-content\/uploads\/2019\/11\/actigrip_giorno_notte-247x300.jpg 247w\" sizes=\"(max-width: 550px) 100vw, 550px\" \/><\/figure><\/li><li class=\"blocks-gallery-item\"><figure><img loading=\"lazy\" decoding=\"async\" width=\"800\" height=\"600\" src=\"https:\/\/www.farmaciatacconi.it\/cms2\/wp-content\/uploads\/2019\/11\/NUROFEN_influenza_raffreddore.jpg\" alt=\"\" data-id=\"1112\" data-full-url=\"https:\/\/www.farmaciatacconi.it\/cms2\/wp-content\/uploads\/2019\/11\/NUROFEN_influenza_raffreddore.jpg\" data-link=\"https:\/\/www.farmaciatacconi.it\/cms2\/?attachment_id=1112\" class=\"wp-image-1112\" srcset=\"https:\/\/www.farmaciatacconi.it\/cms2\/wp-content\/uploads\/2019\/11\/NUROFEN_influenza_raffreddore.jpg 800w, https:\/\/www.farmaciatacconi.it\/cms2\/wp-content\/uploads\/2019\/11\/NUROFEN_influenza_raffreddore-300x225.jpg 300w, https:\/\/www.farmaciatacconi.it\/cms2\/wp-content\/uploads\/2019\/11\/NUROFEN_influenza_raffreddore-768x576.jpg 768w, https:\/\/www.farmaciatacconi.it\/cms2\/wp-content\/uploads\/2019\/11\/NUROFEN_influenza_raffreddore-160x120.jpg 160w\" sizes=\"(max-width: 800px) 100vw, 800px\" \/><\/figure><\/li><\/ul><\/figure>\n\n\n\n<p>In particolare possiamo <strong>ora offrire con ben il 30% di sconto:<\/strong><\/p>\n\n\n\n<ul class=\"wp-block-list\"><li>TantumVerde Naso Chiuso Angelini (<strong>visto in TV<\/strong>) <s>anzich\u00e9 9,90<\/s><em><s>\u20ac<\/s><\/em> -&gt; <strong>Offerto a 6,90<\/strong><em><strong>\u20ac<\/strong><\/em><\/li><\/ul>\n\n\n\n<figure class=\"wp-block-image size-large\"><img loading=\"lazy\" decoding=\"async\" width=\"598\" height=\"598\" src=\"https:\/\/www.farmaciatacconi.it\/cms2\/wp-content\/uploads\/2019\/11\/tantum_verde_naso_chiuso.jpg\" alt=\"\" class=\"wp-image-1111\" srcset=\"https:\/\/www.farmaciatacconi.it\/cms2\/wp-content\/uploads\/2019\/11\/tantum_verde_naso_chiuso.jpg 598w, https:\/\/www.farmaciatacconi.it\/cms2\/wp-content\/uploads\/2019\/11\/tantum_verde_naso_chiuso-300x300.jpg 300w, https:\/\/www.farmaciatacconi.it\/cms2\/wp-content\/uploads\/2019\/11\/tantum_verde_naso_chiuso-150x150.jpg 150w\" sizes=\"(max-width: 598px) 100vw, 598px\" \/><\/figure>\n\n\n\n<figure class=\"wp-block-pullquote\"><blockquote><p>I farmaci da banco sopra indicati devono obbligatoriamente essere dispensati dal farmacista, e il paziente deve comunque sempre leggere con attenzione il foglietto illustrativo<\/p><\/blockquote><\/figure>\n\n\n\n<p><strong>L\u2019offerta \u00e8 valida solo fino ad esaurimento scorte,<\/strong> invitiamo pertanto a venire in farmacia o <a href=\"https:\/\/www.farmaciatacconi.it\/cms2\/contattaci\/\">contattarci prontamente<\/a>, <strong>segnalando di aver visto tale offerta sul Web<\/strong> per poter usufruire dello sconto speciale.<\/p>\n\n\n\n<p><a rel=\"noreferrer noopener\" href=\"https:\/\/www.facebook.com\/hashtag\/farmaciafinocchio?source=note&amp;epa=HASHTAG\" target=\"_blank\">#farmaciafinocchio<\/a> <a rel=\"noreferrer noopener\" href=\"https:\/\/www.facebook.com\/hashtag\/farmaciaborgatafinocchio?source=note&amp;epa=HASHTAG\" target=\"_blank\">#farmaciaborgatafinocchio<\/a> <a rel=\"noreferrer noopener\" href=\"https:\/\/www.facebook.com\/hashtag\/farmaciaborghesiana?source=note&amp;epa=HASHTAG\" target=\"_blank\">#farmaciaborghesiana<\/a> <a rel=\"noreferrer noopener\" href=\"https:\/\/www.facebook.com\/hashtag\/salute?source=note&amp;epa=HASHTAG\" target=\"_blank\">#salute<\/a>  <a rel=\"noreferrer noopener\" href=\"https:\/\/www.facebook.com\/hashtag\/farmaciaromasud?source=note&amp;epa=HASHTAG\" target=\"_blank\">#farmaciaromasud<\/a> <a rel=\"noreferrer noopener\" href=\"https:\/\/www.facebook.com\/hashtag\/farmacia?source=note&amp;epa=HASHTAG\" target=\"_blank\">#farmacia<\/a> <a rel=\"noreferrer noopener\" href=\"https:\/\/www.facebook.com\/hashtag\/farmaciaroma?source=note&amp;epa=HASHTAG\" target=\"_blank\">#farmaciaroma<\/a> <a rel=\"noreferrer noopener\" href=\"https:\/\/www.facebook.com\/hashtag\/farmacie?source=note&amp;epa=HASHTAG\" target=\"_blank\">#farmacie<\/a> <a rel=\"noreferrer noopener\" href=\"https:\/\/www.facebook.com\/hashtag\/farmaciavermicino?source=note&amp;epa=HASHTAG\" target=\"_blank\">#farmaciavermicino<\/a> <a rel=\"noreferrer noopener\" href=\"https:\/\/www.facebook.com\/hashtag\/farmaciatacconi?source=note&amp;epa=HASHTAG\" target=\"_blank\">#farmaciatacconi<\/a> <a rel=\"noreferrer noopener\" href=\"https:\/\/www.facebook.com\/hashtag\/farmaciamaurotacconi?source=note&amp;epa=HASHTAG\" target=\"_blank\">#farmaciamaurotacconi<\/a> <a rel=\"noreferrer noopener\" href=\"https:\/\/www.facebook.com\/hashtag\/farmaciadrmaurotacconi?source=note&amp;epa=HASHTAG\" target=\"_blank\">#farmaciadrmaurotacconi<\/a> <a rel=\"noreferrer noopener\" href=\"https:\/\/www.facebook.com\/hashtag\/farmaciaviacasilina?source=note&amp;epa=HASHTAG\" target=\"_blank\">#farmaciaviacasilina<\/a> <a rel=\"noreferrer noopener\" href=\"https:\/\/www.facebook.com\/hashtag\/farmaciaditurno?source=note&amp;epa=HASHTAG\" target=\"_blank\">#farmaciaditurno<\/a> <a rel=\"noreferrer noopener\" href=\"https:\/\/www.facebook.com\/hashtag\/farmaciaborgata?source=note&amp;epa=HASHTAG\" target=\"_blank\">#farmaciaborgata<\/a> <a rel=\"noreferrer noopener\" href=\"https:\/\/www.facebook.com\/hashtag\/farmaciaquartiere?source=note&amp;epa=HASHTAG\" target=\"_blank\">#farmaciaquartiere<\/a> #farmaciametroc #farmacialungoviacasilina<\/p>\n","protected":false},"excerpt":{"rendered":"<p>Per venire incontro alle numerose richieste dei gentili clienti e pazienti, soprattutto per dare sempre un servizio migliore al nostro quartiere e alla nostra bellissima comunit\u00e0, grazie a speciali accordi instaurati con i nostri fornitori e alla fiducia che ci viene accordata giornalmente, siamo ora in grado di applicare particolari scontistiche su alcuni prodotti molto&hellip;<\/p>\n","protected":false},"author":1,"featured_media":1115,"comment_status":"closed","ping_status":"closed","sticky":false,"template":"","format":"standard","meta":{"jetpack_post_was_ever_published":false,"_jetpack_newsletter_access":"","_jetpack_dont_email_post_to_subs":false,"_jetpack_newsletter_tier_id":0,"_jetpack_memberships_contains_paywalled_content":false,"_jetpack_memberships_contains_paid_content":false,"footnotes":"","jetpack_publicize_message":"","jetpack_publicize_feature_enabled":true,"jetpack_social_post_already_shared":true,"jetpack_social_options":{"image_generator_settings":{"template":"highway","default_image_id":0,"font":"","enabled":false},"version":2}},"categories":[3,17],"tags":[192,196,198,174,194,195,189],"class_list":["post-1110","post","type-post","status-publish","format-standard","has-post-thumbnail","hentry","category-news","category-offerte","tag-actifed","tag-antipiretici","tag-ibuprofene","tag-influenza","tag-nurofen","tag-raffreddore","tag-sconti"],"jetpack_publicize_connections":[],"jetpack_featured_media_url":"https:\/\/www.farmaciatacconi.it\/cms2\/wp-content\/uploads\/2019\/11\/parafarmaci_offerta_25_11_2019_v001.jpg","jetpack_sharing_enabled":true,"jetpack_likes_enabled":true,"jetpack-related-posts":[{"id":1258,"url":"https:\/\/www.farmaciatacconi.it\/cms2\/2019\/12\/11\/offerta-integratori-e-probiotici-post-influenza-25-di-sconto\/","url_meta":{"origin":1110,"position":0},"title":"OFFERTA Integratori e Probiotici Post-Influenza -25% di SCONTO","author":"Farmacia Tacconi","date":"Mer 11\/12\/2019","format":false,"excerpt":"Informiamo i gentili clienti e pazienti che per venire incontro al cambio di stagione e visto l'arrivo dei primi freddi, con conseguenti patologie da raffreddore o sindromi influenzali, abbiamo inserito in offerta uno specifico gruppo di integratori vitamici e probiotici con un prezzo particolarmente conveniente, che potr\u00e0 essere utile nel\u2026","rel":"","context":"In &quot;News&quot;","block_context":{"text":"News","link":"https:\/\/www.farmaciatacconi.it\/cms2\/category\/news\/"},"img":{"alt_text":"","src":"https:\/\/i0.wp.com\/www.farmaciatacconi.it\/cms2\/wp-content\/uploads\/2019\/12\/promo_integratori_probiotici_post_influenza_13_12_2019_v001.jpg?resize=350%2C200&ssl=1","width":350,"height":200,"srcset":"https:\/\/i0.wp.com\/www.farmaciatacconi.it\/cms2\/wp-content\/uploads\/2019\/12\/promo_integratori_probiotici_post_influenza_13_12_2019_v001.jpg?resize=350%2C200&ssl=1 1x, https:\/\/i0.wp.com\/www.farmaciatacconi.it\/cms2\/wp-content\/uploads\/2019\/12\/promo_integratori_probiotici_post_influenza_13_12_2019_v001.jpg?resize=525%2C300&ssl=1 1.5x, https:\/\/i0.wp.com\/www.farmaciatacconi.it\/cms2\/wp-content\/uploads\/2019\/12\/promo_integratori_probiotici_post_influenza_13_12_2019_v001.jpg?resize=700%2C400&ssl=1 2x, https:\/\/i0.wp.com\/www.farmaciatacconi.it\/cms2\/wp-content\/uploads\/2019\/12\/promo_integratori_probiotici_post_influenza_13_12_2019_v001.jpg?resize=1050%2C600&ssl=1 3x, https:\/\/i0.wp.com\/www.farmaciatacconi.it\/cms2\/wp-content\/uploads\/2019\/12\/promo_integratori_probiotici_post_influenza_13_12_2019_v001.jpg?resize=1400%2C800&ssl=1 4x"},"classes":[]},{"id":1371,"url":"https:\/\/www.farmaciatacconi.it\/cms2\/2020\/01\/13\/raffreddore-e-influenza-ecco-perche-e-importante-riposare-bene\/","url_meta":{"origin":1110,"position":1},"title":"Raffreddore e Influenza: ecco  perch\u00e9 \u00e8 importante riposare bene","author":"Farmacia Tacconi","date":"Lun 13\/01\/2020","format":false,"excerpt":"\ud83d\udc8a \u2764\ufe0f Influenza e raffreddore possono avere un impatto negativo sulla qualit\u00e0 del sonno di bambini e adulti. Numerosi studi clinici evidenziano il ruolo fondamentale giocato da un buon riposo notturno nel rafforzare le difese immunitarie e nel combattere le infezioni. Sappiamo infatti che quando si \u00e8 raffreddati, a qualsiasi\u2026","rel":"","context":"In &quot;I Consigli del Tuo Farmacista&quot;","block_context":{"text":"I Consigli del Tuo Farmacista","link":"https:\/\/www.farmaciatacconi.it\/cms2\/category\/informative\/"},"img":{"alt_text":"","src":"https:\/\/i0.wp.com\/www.farmaciatacconi.it\/cms2\/wp-content\/uploads\/2020\/01\/dormire_001.jpg?resize=350%2C200&ssl=1","width":350,"height":200,"srcset":"https:\/\/i0.wp.com\/www.farmaciatacconi.it\/cms2\/wp-content\/uploads\/2020\/01\/dormire_001.jpg?resize=350%2C200&ssl=1 1x, https:\/\/i0.wp.com\/www.farmaciatacconi.it\/cms2\/wp-content\/uploads\/2020\/01\/dormire_001.jpg?resize=525%2C300&ssl=1 1.5x, https:\/\/i0.wp.com\/www.farmaciatacconi.it\/cms2\/wp-content\/uploads\/2020\/01\/dormire_001.jpg?resize=700%2C400&ssl=1 2x"},"classes":[]},{"id":1064,"url":"https:\/\/www.farmaciatacconi.it\/cms2\/2019\/11\/25\/il-raffreddore-comune\/","url_meta":{"origin":1110,"position":2},"title":"Il Raffreddore Comune","author":"Farmacia Tacconi","date":"Lun 25\/11\/2019","format":false,"excerpt":"Con l'arrivo dei primi freddi ecco affacciarsi anche i primi malanni stagionali, tra i quali svetta, per diffusione e frequenza, quello che solitamente viene chiamato \"Raffreddore Comune\". Trattasi, pi\u00f9 nello specifico, di una rinofaringite acuta infettiva virale, causata solitamente da rhinovirus. Descrizione Il Raffreddore \u00e8 un'affezione infettiva delle prime vie\u2026","rel":"","context":"In &quot;I Consigli del Tuo Farmacista&quot;","block_context":{"text":"I Consigli del Tuo Farmacista","link":"https:\/\/www.farmaciatacconi.it\/cms2\/category\/informative\/"},"img":{"alt_text":"","src":"https:\/\/i0.wp.com\/www.farmaciatacconi.it\/cms2\/wp-content\/uploads\/2019\/11\/raffreddore_001.jpg?resize=350%2C200&ssl=1","width":350,"height":200,"srcset":"https:\/\/i0.wp.com\/www.farmaciatacconi.it\/cms2\/wp-content\/uploads\/2019\/11\/raffreddore_001.jpg?resize=350%2C200&ssl=1 1x, https:\/\/i0.wp.com\/www.farmaciatacconi.it\/cms2\/wp-content\/uploads\/2019\/11\/raffreddore_001.jpg?resize=525%2C300&ssl=1 1.5x, https:\/\/i0.wp.com\/www.farmaciatacconi.it\/cms2\/wp-content\/uploads\/2019\/11\/raffreddore_001.jpg?resize=700%2C400&ssl=1 2x, https:\/\/i0.wp.com\/www.farmaciatacconi.it\/cms2\/wp-content\/uploads\/2019\/11\/raffreddore_001.jpg?resize=1050%2C600&ssl=1 3x, https:\/\/i0.wp.com\/www.farmaciatacconi.it\/cms2\/wp-content\/uploads\/2019\/11\/raffreddore_001.jpg?resize=1400%2C800&ssl=1 4x"},"classes":[]},{"id":1165,"url":"https:\/\/www.farmaciatacconi.it\/cms2\/2019\/11\/27\/evento-respiro-libero-sui-problemi-di-raffreddore-sinusite-congestione-nasale\/","url_meta":{"origin":1110,"position":3},"title":"Evento &#8220;Respiro Libero&#8221; sui problemi di Raffreddore, sinusite, congestione nasale","author":"Farmacia Tacconi","date":"Mer 27\/11\/2019","format":false,"excerpt":"Informiamo i gentili clienti che nella giornata del 02\/12\/2019 (solo la mattina) ci sar\u00e0 un incontro promozionale in Farmacia con un'infermiera specializzata che offrir\u00e0 consigli utili sulle terapie con Aerosol e le soluzioni saline nasali, soprattutto su come combattere i problemi di: RaffreddoreCongestione nasaleProblemi alle vie aereeSinusitiNaso che cola Verranno\u2026","rel":"","context":"In &quot;Eventi&quot;","block_context":{"text":"Eventi","link":"https:\/\/www.farmaciatacconi.it\/cms2\/category\/eventi\/"},"img":{"alt_text":"","src":"https:\/\/i0.wp.com\/www.farmaciatacconi.it\/cms2\/wp-content\/uploads\/2019\/11\/nasino_chiuso_promo_omron_farma_02_dec_2019_v001.jpg?resize=350%2C200&ssl=1","width":350,"height":200,"srcset":"https:\/\/i0.wp.com\/www.farmaciatacconi.it\/cms2\/wp-content\/uploads\/2019\/11\/nasino_chiuso_promo_omron_farma_02_dec_2019_v001.jpg?resize=350%2C200&ssl=1 1x, https:\/\/i0.wp.com\/www.farmaciatacconi.it\/cms2\/wp-content\/uploads\/2019\/11\/nasino_chiuso_promo_omron_farma_02_dec_2019_v001.jpg?resize=525%2C300&ssl=1 1.5x, https:\/\/i0.wp.com\/www.farmaciatacconi.it\/cms2\/wp-content\/uploads\/2019\/11\/nasino_chiuso_promo_omron_farma_02_dec_2019_v001.jpg?resize=700%2C400&ssl=1 2x, https:\/\/i0.wp.com\/www.farmaciatacconi.it\/cms2\/wp-content\/uploads\/2019\/11\/nasino_chiuso_promo_omron_farma_02_dec_2019_v001.jpg?resize=1050%2C600&ssl=1 3x, https:\/\/i0.wp.com\/www.farmaciatacconi.it\/cms2\/wp-content\/uploads\/2019\/11\/nasino_chiuso_promo_omron_farma_02_dec_2019_v001.jpg?resize=1400%2C800&ssl=1 4x"},"classes":[]},{"id":1234,"url":"https:\/\/www.farmaciatacconi.it\/cms2\/2019\/12\/13\/postumi-dellinfluenza-ecco-la-cura-ricostituente-per-tornare-in-forma\/","url_meta":{"origin":1110,"position":4},"title":"Postumi dell&#8217;INFLUENZA: ecco la cura RICOSTITUENTE per tornare in FORMA","author":"Farmacia Tacconi","date":"Ven 13\/12\/2019","format":false,"excerpt":"La stagione invernale manifesta un incremento sia quantitativo sia qualitativo del virus influenzale (per via dei nuovi ceppi virali), tale da rendere necessario un sistema di sorveglianza epidemiologico di tali patologie stagionali. E molto spesso ci concentriamo sui soli sintomi influenzali senza preoccuparci di tutto ci\u00f2 che avviene DOPO, ovvero\u2026","rel":"","context":"In &quot;I Consigli del Tuo Farmacista&quot;","block_context":{"text":"I Consigli del Tuo Farmacista","link":"https:\/\/www.farmaciatacconi.it\/cms2\/category\/informative\/"},"img":{"alt_text":"","src":"https:\/\/i0.wp.com\/www.farmaciatacconi.it\/cms2\/wp-content\/uploads\/2019\/12\/influenza_8473847-1.jpg?resize=350%2C200&ssl=1","width":350,"height":200,"srcset":"https:\/\/i0.wp.com\/www.farmaciatacconi.it\/cms2\/wp-content\/uploads\/2019\/12\/influenza_8473847-1.jpg?resize=350%2C200&ssl=1 1x, https:\/\/i0.wp.com\/www.farmaciatacconi.it\/cms2\/wp-content\/uploads\/2019\/12\/influenza_8473847-1.jpg?resize=525%2C300&ssl=1 1.5x, https:\/\/i0.wp.com\/www.farmaciatacconi.it\/cms2\/wp-content\/uploads\/2019\/12\/influenza_8473847-1.jpg?resize=700%2C400&ssl=1 2x"},"classes":[]},{"id":1340,"url":"https:\/\/www.farmaciatacconi.it\/cms2\/2020\/01\/10\/gli-integratori-grandi-alleati-del-nostro-sistema-immunitario\/","url_meta":{"origin":1110,"position":5},"title":"Gli Integratori: grandi alleati del nostro Sistema Immunitario","author":"Farmacia Tacconi","date":"Ven 10\/01\/2020","format":false,"excerpt":"Il ruolo che le nostre difese naturali esercitano sulla salute \u00e8 noto fin dagli albori della medicina. Cos\u00ec come la loro perdita di efficienza con l'avanzare dell'et\u00e0: il problema \u00e8 stato pi\u00f9 recentemente individuato in una sorta di \"invecchiamento\" dei meccanismi di difesa, rendendoli quindi molto inefficienti, tanto da parlare\u2026","rel":"","context":"In &quot;I Consigli del Tuo Farmacista&quot;","block_context":{"text":"I Consigli del Tuo Farmacista","link":"https:\/\/www.farmaciatacconi.it\/cms2\/category\/informative\/"},"img":{"alt_text":"","src":"https:\/\/i0.wp.com\/www.farmaciatacconi.it\/cms2\/wp-content\/uploads\/2020\/01\/Integratori-alimentari_001-1.jpg?resize=350%2C200&ssl=1","width":350,"height":200,"srcset":"https:\/\/i0.wp.com\/www.farmaciatacconi.it\/cms2\/wp-content\/uploads\/2020\/01\/Integratori-alimentari_001-1.jpg?resize=350%2C200&ssl=1 1x, https:\/\/i0.wp.com\/www.farmaciatacconi.it\/cms2\/wp-content\/uploads\/2020\/01\/Integratori-alimentari_001-1.jpg?resize=525%2C300&ssl=1 1.5x, https:\/\/i0.wp.com\/www.farmaciatacconi.it\/cms2\/wp-content\/uploads\/2020\/01\/Integratori-alimentari_001-1.jpg?resize=700%2C400&ssl=1 2x"},"classes":[]}],"_links":{"self":[{"href":"https:\/\/www.farmaciatacconi.it\/cms2\/wp-json\/wp\/v2\/posts\/1110","targetHints":{"allow":["GET"]}}],"collection":[{"href":"https:\/\/www.farmaciatacconi.it\/cms2\/wp-json\/wp\/v2\/posts"}],"about":[{"href":"https:\/\/www.farmaciatacconi.it\/cms2\/wp-json\/wp\/v2\/types\/post"}],"author":[{"embeddable":true,"href":"https:\/\/www.farmaciatacconi.it\/cms2\/wp-json\/wp\/v2\/users\/1"}],"replies":[{"embeddable":true,"href":"https:\/\/www.farmaciatacconi.it\/cms2\/wp-json\/wp\/v2\/comments?post=1110"}],"version-history":[{"count":7,"href":"https:\/\/www.farmaciatacconi.it\/cms2\/wp-json\/wp\/v2\/posts\/1110\/revisions"}],"predecessor-version":[{"id":1143,"href":"https:\/\/www.farmaciatacconi.it\/cms2\/wp-json\/wp\/v2\/posts\/1110\/revisions\/1143"}],"wp:featuredmedia":[{"embeddable":true,"href":"https:\/\/www.farmaciatacconi.it\/cms2\/wp-json\/wp\/v2\/media\/1115"}],"wp:attachment":[{"href":"https:\/\/www.farmaciatacconi.it\/cms2\/wp-json\/wp\/v2\/media?parent=1110"}],"wp:term":[{"taxonomy":"category","embeddable":true,"href":"https:\/\/www.farmaciatacconi.it\/cms2\/wp-json\/wp\/v2\/categories?post=1110"},{"taxonomy":"post_tag","embeddable":true,"href":"https:\/\/www.farmaciatacconi.it\/cms2\/wp-json\/wp\/v2\/tags?post=1110"}],"curies":[{"name":"wp","href":"https:\/\/api.w.org\/{rel}","templated":true}]}}