{"id":1039,"date":"2019-11-20T10:11:00","date_gmt":"2019-11-20T09:11:00","guid":{"rendered":"http:\/\/www.farmaciatacconi.it\/cms2\/?p=1039"},"modified":"2019-11-20T14:31:22","modified_gmt":"2019-11-20T13:31:22","slug":"fitoterapia-e-omeopatia-nella-sindrome-influenzale","status":"publish","type":"post","link":"https:\/\/www.farmaciatacconi.it\/cms2\/2019\/11\/20\/fitoterapia-e-omeopatia-nella-sindrome-influenzale\/","title":{"rendered":"Fitoterapia e Omeopatia nella sindrome influenzale"},"content":{"rendered":"\n<p>\u00c8 una domanda ormai ricorrente: i <strong>medicinali omeopatici<\/strong> e <strong>rimedi fitoterapici<\/strong>, sono in grado di curare realmente una patologia, oppure, se  necessario, bisogna ricorrere ai farmaci della medicina ufficiale?<\/p>\n\n\n\n<p>La risposta \u00e8 come sempre: <strong>dipende<\/strong> dal tipo di patologia e, soprattutto, <strong><span style=\"text-decoration: underline;\">dal suo stadio e dalla sua gravit\u00e0.<\/span><\/strong><\/p>\n\n\n\n<p>Nel caso di patologie acute importanti come un&#8217;otite media, una tonsillite purulenta o una broncopolmonite, <strong><span style=\"text-decoration: underline;\">\u00e8 fondamentale intervenire subito con antibiotici, cortisonici e antinfiammatori<\/span><\/strong> (ovviamente prescritti da un medico). E&#8217; un caso classico in cui, evidentemente, la gravit\u00e0 della patologia <strong>impone un intervento rapido ed immediato dei farmaci della medicina ufficiale<\/strong>, onde evitare pericolosissime complicazioni (che in alcuni casi possono anche mettere a rischio la vita).<\/p>\n\n\n\n<figure class=\"wp-block-image size-large\"><img fetchpriority=\"high\" decoding=\"async\" width=\"2500\" height=\"1407\" src=\"https:\/\/i0.wp.com\/www.farmaciatacconi.it\/cms2\/wp-content\/uploads\/2019\/11\/influenza_001.jpg?fit=1024%2C576\" alt=\"\" class=\"wp-image-1048\" srcset=\"https:\/\/www.farmaciatacconi.it\/cms2\/wp-content\/uploads\/2019\/11\/influenza_001.jpg 2500w, https:\/\/www.farmaciatacconi.it\/cms2\/wp-content\/uploads\/2019\/11\/influenza_001-300x169.jpg 300w, https:\/\/www.farmaciatacconi.it\/cms2\/wp-content\/uploads\/2019\/11\/influenza_001-1024x576.jpg 1024w, https:\/\/www.farmaciatacconi.it\/cms2\/wp-content\/uploads\/2019\/11\/influenza_001-768x432.jpg 768w, https:\/\/www.farmaciatacconi.it\/cms2\/wp-content\/uploads\/2019\/11\/influenza_001-1536x864.jpg 1536w, https:\/\/www.farmaciatacconi.it\/cms2\/wp-content\/uploads\/2019\/11\/influenza_001-2048x1153.jpg 2048w, https:\/\/www.farmaciatacconi.it\/cms2\/wp-content\/uploads\/2019\/11\/influenza_001-1140x641.jpg 1140w\" sizes=\"(max-width: 2500px) 100vw, 2500px\" \/><\/figure>\n\n\n\n<p>Diverso \u00e8 il caso di patologie pi\u00f9 modeste, come ad esempio una banale faringite, dove, senza grossi rischi, <strong>ci si pu\u00f2 avvalere anche dei medicinali omeopatici e rimedi fitoterapici. <\/strong>Altro tipico caso dove si pu\u00f2 ricorrere ai medicinali omeopatici e rimedi fitoterapici per provare ad alleviare quantomeno i sintomi, \u00e8 quello di una tonsillite virale o della sindrome influenzale, <strong>dove gli antibiotici non posso essere efficaci in quanto tali patologie sono causate da virus.<\/strong><\/p>\n\n\n\n<div class=\"wp-block-image\"><figure class=\"aligncenter size-large\"><img decoding=\"async\" width=\"640\" height=\"426\" src=\"https:\/\/www.farmaciatacconi.it\/cms2\/wp-content\/uploads\/2019\/11\/omeopatia_fitoterapia_003-1.jpg\" alt=\"\" class=\"wp-image-1050\" srcset=\"https:\/\/www.farmaciatacconi.it\/cms2\/wp-content\/uploads\/2019\/11\/omeopatia_fitoterapia_003-1.jpg 640w, https:\/\/www.farmaciatacconi.it\/cms2\/wp-content\/uploads\/2019\/11\/omeopatia_fitoterapia_003-1-300x200.jpg 300w\" sizes=\"(max-width: 640px) 100vw, 640px\" \/><\/figure><\/div>\n\n\n<p>La procedura generale, comunque, prevede di <strong>aspettare circa 48 ore prima di intervenire con i farmaci<\/strong> ed \u00e8 questa una tendenza della <strong>Medicina ufficiale<\/strong> che viene definita <strong>&#8220;Wait and see&#8221;<\/strong>, la quale si applica nell&#8217;attesa che il quadro clinico si manifesti completamente e prima che le analisi di laboratorio diano le loro prime risposte: normalmente bisogna constatare un miglioramento entro le 48 ore, altrimenti \u00e8 necessario rivolgersi ai farmaci della Medicina ufficiale. Attualmente il <strong>&#8220;Wait and see&#8221;<\/strong> \u00e8 proposto dalla medicina ufficiale <strong>anche per evitare l&#8217;uso inappropriato degli antibiotici<\/strong>, con lo scopo di evitare le <strong>resistenze antibiotiche di massa che stanno diventando un grosso problema per le popolazioni occidentali.<\/strong> Tale approccio \u00e8 stato proposto soprattutto per le <strong>bronchiti e per le otiti<\/strong>. Un discorso a parte va fatto per le malattie croniche, mentre per patologie modeste, pu\u00f2 essere associato l&#8217;uso di rimedi omeopatici o fitoterapici ai farmaci della medicina ufficiale, con la finalit\u00e0 di velocizzare ulteriormente la guarigione.<\/p>\n<p><!-- \/wp:post-content --><\/p>\n<p><!-- wp:paragraph --><\/p>\n<p><!-- wp:image {\"align\":\"center\",\"id\":1057,\"sizeSlug\":\"large\"} --><\/p>\n<div class=\"wp-block-image\">\n<figure class=\"aligncenter size-large\"><img decoding=\"async\" width=\"1127\" height=\"804\" class=\"wp-image-1057\" src=\"https:\/\/i2.wp.com\/www.farmaciatacconi.it\/cms2\/wp-content\/uploads\/2019\/11\/Omeopatia_fitoterapia_v001-1.jpg?fit=1024%2C731\" alt=\"\" srcset=\"https:\/\/www.farmaciatacconi.it\/cms2\/wp-content\/uploads\/2019\/11\/Omeopatia_fitoterapia_v001-1.jpg 1127w, https:\/\/www.farmaciatacconi.it\/cms2\/wp-content\/uploads\/2019\/11\/Omeopatia_fitoterapia_v001-1-300x214.jpg 300w, https:\/\/www.farmaciatacconi.it\/cms2\/wp-content\/uploads\/2019\/11\/Omeopatia_fitoterapia_v001-1-1024x731.jpg 1024w, https:\/\/www.farmaciatacconi.it\/cms2\/wp-content\/uploads\/2019\/11\/Omeopatia_fitoterapia_v001-1-768x548.jpg 768w\" sizes=\"(max-width: 1127px) 100vw, 1127px\" \/><\/figure>\n<\/div>\n<p><!-- \/wp:image --><\/p>\n<p><!-- wp:paragraph --><\/p>\n<p>A tal proposito, quindi, risulta sempre importantissimo rivolgersi al medico e al farmacista, <strong>evitando il pericoloso fai da te<\/strong>. <strong>Sono infatti solo il <span style=\"text-decoration: underline;\">medico e il farmacista<\/span> gli unici professionisti<\/strong> in grado di capire, distinguere e consigliare la soluzione migliore per le proprie problematiche legate alla salute.<\/p>\n<p><!-- \/wp:paragraph --><\/p>\n\n<!-- wp:paragraph -->\n<p>#farmaciafinocchio #farmaciaborgatafinocchio #farmaciaborghesiana #salute  #farmaciaromasud #farmacia #farmaciaroma #farmacie #farmaciavermicino #farmaciatacconi #farmaciamaurotacconi #farmaciadrmaurotacconi #farmaciaviacasilina #farmaciaditurno #farmaciaborgata #farmaciaquartiere<\/p>\n<!-- \/wp:paragraph -->","protected":false},"excerpt":{"rendered":"<p>\u00c8 una domanda ormai ricorrente: i medicinali omeopatici e rimedi fitoterapici, sono in grado di curare realmente una patologia, oppure, se necessario, bisogna ricorrere ai farmaci della medicina ufficiale? La risposta \u00e8 come sempre: dipende dal tipo di patologia e, soprattutto, dal suo stadio e dalla sua gravit\u00e0. Nel caso di patologie acute importanti come&hellip;<\/p>\n","protected":false},"author":1,"featured_media":1045,"comment_status":"closed","ping_status":"closed","sticky":false,"template":"","format":"standard","meta":{"jetpack_post_was_ever_published":false,"_jetpack_newsletter_access":"","_jetpack_dont_email_post_to_subs":false,"_jetpack_newsletter_tier_id":0,"_jetpack_memberships_contains_paywalled_content":false,"_jetpack_memberships_contains_paid_content":false,"footnotes":"","jetpack_publicize_message":"","jetpack_publicize_feature_enabled":true,"jetpack_social_post_already_shared":true,"jetpack_social_options":{"image_generator_settings":{"template":"highway","default_image_id":0,"font":"","enabled":false},"version":2}},"categories":[13,3],"tags":[155,177,175,174,176,81,178],"class_list":["post-1039","post","type-post","status-publish","format-standard","has-post-thumbnail","hentry","category-informative","category-news","tag-antibiotici","tag-farmacista","tag-fitoterapia","tag-influenza","tag-medico","tag-omeopatia","tag-virus"],"jetpack_publicize_connections":[],"jetpack_featured_media_url":"https:\/\/www.farmaciatacconi.it\/cms2\/wp-content\/uploads\/2019\/11\/omeopatia_fitoterapia_002.jpg","jetpack_sharing_enabled":true,"jetpack_likes_enabled":true,"jetpack-related-posts":[{"id":2129,"url":"https:\/\/www.farmaciatacconi.it\/cms2\/2020\/06\/29\/tendinite-e-nuove-malattie-legate-alla-tecnologia-tendinite-da-telefonino\/","url_meta":{"origin":1039,"position":0},"title":"Tendinite e nuove malattie legate alla tecnologia (&#8220;tendinite da telefonino&#8221;)","author":"Farmacia Tacconi","date":"Lun 29\/06\/2020","format":false,"excerpt":"L'abuso del telefonino e in generale delle nuove interfacce per l'uso della tecnologia digitale, soprattutto tra i giovani, ha messo in evidenza tutta una serie di nuove patologie a carico del dito pollice e delle articolazioni della mano. La ricerca di un team italiano della Fondazione Don Gnocchi insieme ad\u2026","rel":"","context":"In &quot;I Consigli del Tuo Farmacista&quot;","block_context":{"text":"I Consigli del Tuo Farmacista","link":"https:\/\/www.farmaciatacconi.it\/cms2\/category\/informative\/"},"img":{"alt_text":"","src":"https:\/\/i0.wp.com\/www.farmaciatacconi.it\/cms2\/wp-content\/uploads\/2020\/06\/tendinite_cellulare_farmacia_tacconi_r.jpg?resize=350%2C200&ssl=1","width":350,"height":200,"srcset":"https:\/\/i0.wp.com\/www.farmaciatacconi.it\/cms2\/wp-content\/uploads\/2020\/06\/tendinite_cellulare_farmacia_tacconi_r.jpg?resize=350%2C200&ssl=1 1x, https:\/\/i0.wp.com\/www.farmaciatacconi.it\/cms2\/wp-content\/uploads\/2020\/06\/tendinite_cellulare_farmacia_tacconi_r.jpg?resize=525%2C300&ssl=1 1.5x, https:\/\/i0.wp.com\/www.farmaciatacconi.it\/cms2\/wp-content\/uploads\/2020\/06\/tendinite_cellulare_farmacia_tacconi_r.jpg?resize=700%2C400&ssl=1 2x, https:\/\/i0.wp.com\/www.farmaciatacconi.it\/cms2\/wp-content\/uploads\/2020\/06\/tendinite_cellulare_farmacia_tacconi_r.jpg?resize=1050%2C600&ssl=1 3x"},"classes":[]},{"id":3828,"url":"https:\/\/www.farmaciatacconi.it\/cms2\/2022\/12\/01\/sonnolenza-e-stanchezza-%f0%9f%9f%aa-nelle-ore-diurne-ecco-perche\/","url_meta":{"origin":1039,"position":1},"title":"Sonnolenza e stanchezza \ud83d\udfea nelle ore diurne? Ecco perch\u00e9&#8230;","author":"Farmacia Tacconi","date":"Gio 01\/12\/2022","format":false,"excerpt":"L'Associazione Italiana per la Medicina del Sonno (AIMS), ha stimato che nel nostro paese su quattro adulti almeno uno presenta una patologia del sonno in forma transitoria o cronica. Sostanzialmente ad essere interessati da questi disturbi sarebbero circa 12 milioni di italiani e in maggioranza sono donne (circa il 60%).\u2026","rel":"","context":"In &quot;I Consigli del Tuo Farmacista&quot;","block_context":{"text":"I Consigli del Tuo Farmacista","link":"https:\/\/www.farmaciatacconi.it\/cms2\/category\/informative\/"},"img":{"alt_text":"","src":"https:\/\/i0.wp.com\/www.farmaciatacconi.it\/cms2\/wp-content\/uploads\/2022\/12\/importanza_del_sonno_farma_tacconi_2022_v001.jpg?resize=350%2C200&ssl=1","width":350,"height":200,"srcset":"https:\/\/i0.wp.com\/www.farmaciatacconi.it\/cms2\/wp-content\/uploads\/2022\/12\/importanza_del_sonno_farma_tacconi_2022_v001.jpg?resize=350%2C200&ssl=1 1x, https:\/\/i0.wp.com\/www.farmaciatacconi.it\/cms2\/wp-content\/uploads\/2022\/12\/importanza_del_sonno_farma_tacconi_2022_v001.jpg?resize=525%2C300&ssl=1 1.5x, https:\/\/i0.wp.com\/www.farmaciatacconi.it\/cms2\/wp-content\/uploads\/2022\/12\/importanza_del_sonno_farma_tacconi_2022_v001.jpg?resize=700%2C400&ssl=1 2x, https:\/\/i0.wp.com\/www.farmaciatacconi.it\/cms2\/wp-content\/uploads\/2022\/12\/importanza_del_sonno_farma_tacconi_2022_v001.jpg?resize=1050%2C600&ssl=1 3x, https:\/\/i0.wp.com\/www.farmaciatacconi.it\/cms2\/wp-content\/uploads\/2022\/12\/importanza_del_sonno_farma_tacconi_2022_v001.jpg?resize=1400%2C800&ssl=1 4x"},"classes":[]},{"id":1258,"url":"https:\/\/www.farmaciatacconi.it\/cms2\/2019\/12\/11\/offerta-integratori-e-probiotici-post-influenza-25-di-sconto\/","url_meta":{"origin":1039,"position":2},"title":"OFFERTA Integratori e Probiotici Post-Influenza -25% di SCONTO","author":"Farmacia Tacconi","date":"Mer 11\/12\/2019","format":false,"excerpt":"Informiamo i gentili clienti e pazienti che per venire incontro al cambio di stagione e visto l'arrivo dei primi freddi, con conseguenti patologie da raffreddore o sindromi influenzali, abbiamo inserito in offerta uno specifico gruppo di integratori vitamici e probiotici con un prezzo particolarmente conveniente, che potr\u00e0 essere utile nel\u2026","rel":"","context":"In &quot;News&quot;","block_context":{"text":"News","link":"https:\/\/www.farmaciatacconi.it\/cms2\/category\/news\/"},"img":{"alt_text":"","src":"https:\/\/i0.wp.com\/www.farmaciatacconi.it\/cms2\/wp-content\/uploads\/2019\/12\/promo_integratori_probiotici_post_influenza_13_12_2019_v001.jpg?resize=350%2C200&ssl=1","width":350,"height":200,"srcset":"https:\/\/i0.wp.com\/www.farmaciatacconi.it\/cms2\/wp-content\/uploads\/2019\/12\/promo_integratori_probiotici_post_influenza_13_12_2019_v001.jpg?resize=350%2C200&ssl=1 1x, https:\/\/i0.wp.com\/www.farmaciatacconi.it\/cms2\/wp-content\/uploads\/2019\/12\/promo_integratori_probiotici_post_influenza_13_12_2019_v001.jpg?resize=525%2C300&ssl=1 1.5x, https:\/\/i0.wp.com\/www.farmaciatacconi.it\/cms2\/wp-content\/uploads\/2019\/12\/promo_integratori_probiotici_post_influenza_13_12_2019_v001.jpg?resize=700%2C400&ssl=1 2x, https:\/\/i0.wp.com\/www.farmaciatacconi.it\/cms2\/wp-content\/uploads\/2019\/12\/promo_integratori_probiotici_post_influenza_13_12_2019_v001.jpg?resize=1050%2C600&ssl=1 3x, https:\/\/i0.wp.com\/www.farmaciatacconi.it\/cms2\/wp-content\/uploads\/2019\/12\/promo_integratori_probiotici_post_influenza_13_12_2019_v001.jpg?resize=1400%2C800&ssl=1 4x"},"classes":[]},{"id":3509,"url":"https:\/\/www.farmaciatacconi.it\/cms2\/2022\/05\/03\/ecco-perche-%e2%84%b9%ef%b8%8f-gli-integratori-sono-fondamentali-per-la-salute-dei-nostri-%f0%9f%91%81-occhi\/","url_meta":{"origin":1039,"position":3},"title":"Ecco perch\u00e9 \u2139\ufe0f gli Integratori sono fondamentali per la salute dei nostri \ud83d\udc41 Occhi","author":"Farmacia Tacconi","date":"Mar 03\/05\/2022","format":false,"excerpt":"I nostri occhi risentono, per la loro natura delicata e complessa, dei danni causati dallo stress e dagli sforzi eccessivi, e questo a volte molto pi\u00f9 di altre parti del corpo. Per ridurre i danni da stress ossidativo, supportare la funzionalit\u00e0 visiva e sviluppare una prevenzione efficace delle patologie dell'occhio,\u2026","rel":"","context":"In &quot;I Consigli del Tuo Farmacista&quot;","block_context":{"text":"I Consigli del Tuo Farmacista","link":"https:\/\/www.farmaciatacconi.it\/cms2\/category\/informative\/"},"img":{"alt_text":"Photo by Elizaveta Dushechkina from Pexels","src":"https:\/\/i0.wp.com\/www.farmaciatacconi.it\/cms2\/wp-content\/uploads\/2022\/05\/occhi_003_farmacia_tacconi.jpg?resize=350%2C200&ssl=1","width":350,"height":200,"srcset":"https:\/\/i0.wp.com\/www.farmaciatacconi.it\/cms2\/wp-content\/uploads\/2022\/05\/occhi_003_farmacia_tacconi.jpg?resize=350%2C200&ssl=1 1x, https:\/\/i0.wp.com\/www.farmaciatacconi.it\/cms2\/wp-content\/uploads\/2022\/05\/occhi_003_farmacia_tacconi.jpg?resize=525%2C300&ssl=1 1.5x, https:\/\/i0.wp.com\/www.farmaciatacconi.it\/cms2\/wp-content\/uploads\/2022\/05\/occhi_003_farmacia_tacconi.jpg?resize=700%2C400&ssl=1 2x, https:\/\/i0.wp.com\/www.farmaciatacconi.it\/cms2\/wp-content\/uploads\/2022\/05\/occhi_003_farmacia_tacconi.jpg?resize=1050%2C600&ssl=1 3x, https:\/\/i0.wp.com\/www.farmaciatacconi.it\/cms2\/wp-content\/uploads\/2022\/05\/occhi_003_farmacia_tacconi.jpg?resize=1400%2C800&ssl=1 4x"},"classes":[]},{"id":1104,"url":"https:\/\/www.farmaciatacconi.it\/cms2\/2019\/12\/02\/il-mal-di-schiena\/","url_meta":{"origin":1039,"position":4},"title":"IL MAL DI SCHIENA","author":"Farmacia Tacconi","date":"Lun 02\/12\/2019","format":false,"excerpt":"\u00c8 una delle sindromi dolorose pi\u00f9 frequenti e non a caso \u00e8 tra i motivi principali per i quali viene richiesto un consulto medico. Con il termine generico di \"Mal di schiena\" si intendono diversi tipi di disturbo, ma in generale si possono distinguere due tipologie: acuto e cronico. Il\u2026","rel":"","context":"In &quot;I Consigli del Tuo Farmacista&quot;","block_context":{"text":"I Consigli del Tuo Farmacista","link":"https:\/\/www.farmaciatacconi.it\/cms2\/category\/informative\/"},"img":{"alt_text":"","src":"https:\/\/i0.wp.com\/www.farmaciatacconi.it\/cms2\/wp-content\/uploads\/2019\/12\/mal_di_schiena.jpg?resize=350%2C200&ssl=1","width":350,"height":200,"srcset":"https:\/\/i0.wp.com\/www.farmaciatacconi.it\/cms2\/wp-content\/uploads\/2019\/12\/mal_di_schiena.jpg?resize=350%2C200&ssl=1 1x, https:\/\/i0.wp.com\/www.farmaciatacconi.it\/cms2\/wp-content\/uploads\/2019\/12\/mal_di_schiena.jpg?resize=525%2C300&ssl=1 1.5x, https:\/\/i0.wp.com\/www.farmaciatacconi.it\/cms2\/wp-content\/uploads\/2019\/12\/mal_di_schiena.jpg?resize=700%2C400&ssl=1 2x"},"classes":[]},{"id":5475,"url":"https:\/\/www.farmaciatacconi.it\/cms2\/2026\/03\/30\/%e2%9c%85-con-la-primavera-tornano-le-allergie-ecco-come-riconoscerle-e-come-combatterle\/","url_meta":{"origin":1039,"position":5},"title":"\u2705 Con la Primavera tornano le Allergie: ecco come riconoscerle e come combatterle","author":"Farmacia Tacconi","date":"Lun 30\/03\/2026","format":false,"excerpt":"La #primavera e l\u2019autunno possono portare sollievo a molti, ma per chi soffre di #allergiestagionali rappresentano periodi di grande disagio: #starnuti continui, #nasochiuso o che cola, #occhirossi e pruriginosi, #maldigola e senso di #affaticamento. Questi #sintomi, se non gestiti, possono interferire con il #sonno, la #concentrazione a #scuola o al\u2026","rel":"","context":"In &quot;I Consigli del Tuo Farmacista&quot;","block_context":{"text":"I Consigli del Tuo Farmacista","link":"https:\/\/www.farmaciatacconi.it\/cms2\/category\/informative\/"},"img":{"alt_text":"","src":"https:\/\/i0.wp.com\/www.farmaciatacconi.it\/cms2\/wp-content\/uploads\/2026\/03\/435934598.jpg?resize=350%2C200&ssl=1","width":350,"height":200,"srcset":"https:\/\/i0.wp.com\/www.farmaciatacconi.it\/cms2\/wp-content\/uploads\/2026\/03\/435934598.jpg?resize=350%2C200&ssl=1 1x, https:\/\/i0.wp.com\/www.farmaciatacconi.it\/cms2\/wp-content\/uploads\/2026\/03\/435934598.jpg?resize=525%2C300&ssl=1 1.5x, https:\/\/i0.wp.com\/www.farmaciatacconi.it\/cms2\/wp-content\/uploads\/2026\/03\/435934598.jpg?resize=700%2C400&ssl=1 2x, https:\/\/i0.wp.com\/www.farmaciatacconi.it\/cms2\/wp-content\/uploads\/2026\/03\/435934598.jpg?resize=1050%2C600&ssl=1 3x, https:\/\/i0.wp.com\/www.farmaciatacconi.it\/cms2\/wp-content\/uploads\/2026\/03\/435934598.jpg?resize=1400%2C800&ssl=1 4x"},"classes":[]}],"_links":{"self":[{"href":"https:\/\/www.farmaciatacconi.it\/cms2\/wp-json\/wp\/v2\/posts\/1039","targetHints":{"allow":["GET"]}}],"collection":[{"href":"https:\/\/www.farmaciatacconi.it\/cms2\/wp-json\/wp\/v2\/posts"}],"about":[{"href":"https:\/\/www.farmaciatacconi.it\/cms2\/wp-json\/wp\/v2\/types\/post"}],"author":[{"embeddable":true,"href":"https:\/\/www.farmaciatacconi.it\/cms2\/wp-json\/wp\/v2\/users\/1"}],"replies":[{"embeddable":true,"href":"https:\/\/www.farmaciatacconi.it\/cms2\/wp-json\/wp\/v2\/comments?post=1039"}],"version-history":[{"count":9,"href":"https:\/\/www.farmaciatacconi.it\/cms2\/wp-json\/wp\/v2\/posts\/1039\/revisions"}],"predecessor-version":[{"id":1063,"href":"https:\/\/www.farmaciatacconi.it\/cms2\/wp-json\/wp\/v2\/posts\/1039\/revisions\/1063"}],"wp:featuredmedia":[{"embeddable":true,"href":"https:\/\/www.farmaciatacconi.it\/cms2\/wp-json\/wp\/v2\/media\/1045"}],"wp:attachment":[{"href":"https:\/\/www.farmaciatacconi.it\/cms2\/wp-json\/wp\/v2\/media?parent=1039"}],"wp:term":[{"taxonomy":"category","embeddable":true,"href":"https:\/\/www.farmaciatacconi.it\/cms2\/wp-json\/wp\/v2\/categories?post=1039"},{"taxonomy":"post_tag","embeddable":true,"href":"https:\/\/www.farmaciatacconi.it\/cms2\/wp-json\/wp\/v2\/tags?post=1039"}],"curies":[{"name":"wp","href":"https:\/\/api.w.org\/{rel}","templated":true}]}}